{"id":87494,"date":"2025-11-30T19:17:10","date_gmt":"2025-12-01T01:17:10","guid":{"rendered":"https:\/\/zonaroja.com.mx\/?p=87494"},"modified":"2025-11-30T20:12:51","modified_gmt":"2025-12-01T02:12:51","slug":"siguen-los-asesinatos-en-la-region-del-istmo-ahora-fue-en-tehuantepec","status":"publish","type":"post","link":"https:\/\/zonaroja.com.mx\/?p=87494","title":{"rendered":"Siguen asesinatos en Istmo; ahora fue en Tehuantepec y en Juchit\u00e1n"},"content":{"rendered":"\n<p>Raymundo Morales\/Zona Roja.<\/p>\n\n\n\n<p>Oaxaca, Oax., a 30 de noviembre de 2025.- Por segundo d\u00eda de este fin de semana, se registraron asesinatos en la regi\u00f3n del Istmo, con dos casos.<\/p>\n\n\n\n<p>Primero fue en Santo Domingo Tehuantepec, donde la ma\u00f1ana de este domingo ejecutaron a balazos a un individuo de aproximadamente 18 a\u00f1os de edad.<\/p>\n\n\n\n<p>De acuerdo con los primeros reportes policiacos, fue en el tramo carretero de ese municipio hacia Santa Mar\u00eda Mixtequilla, a la altura del acceso a la comunidad de San Luis Rey, donde fue localizado un cuerpo sin vida, con varios impactos de arma.<\/p>\n\n\n\n<p>A un lado de la v\u00edctima se hall\u00f3 una motocicleta, presuntamente propiedad del occiso; la mayor\u00eda de los balazos le dieron en el rostro, que qued\u00f3 pr\u00e1cticamente desfigurado.<\/p>\n\n\n\n<p>Poco m\u00e1s tarde, en la carretera que une a Juchit\u00e1n con Uni\u00f3n Hidalgo, entre la agencia de Chicapa de Castro y este \u00faltimo municipio, fue hallado un cuerpo sin vida, maniatado, con huellas de tortura y un presunto narcomensaje.<\/p>\n\n\n\n<p>La v\u00edctima fue identificada de manera preliminar como Enrique V., a quien conoc\u00edan como \u00abEl Kike\u00bb, de aproximadamente 34 a\u00f1os de edad. Hasta el momento se desconocen las causas de la ejecuci\u00f3n. <\/p>\n\n\n\n<p>La Vicefiscal\u00eda Regional del Istmo, dependiente de la Fiscal\u00eda General del Estado de Oaxaca, abri\u00f3 las carpetas de investigaci\u00f3n correspondientes, para hallar al o los responsables del crimen.<\/p>\n\n\n\n<p>Cabe mencionar que anteayer viernes, en Juchit\u00e1n de Zaragoza se registraron al menos tres ataques armados, con igual n\u00famero de v\u00edctimas, dos de las cuales murieron en el hospital cuando recib\u00edan atenci\u00f3n m\u00e9dica; de estos casos hasta el momento no hay personas detenidas.<\/p>\n","protected":false},"excerpt":{"rendered":"<p>Raymundo Morales\/Zona Roja. Oaxaca, Oax., a 30 de noviembre de 2025.- Por segundo d\u00eda de&hellip;<\/p>\n","protected":false},"author":2,"featured_media":73641,"comment_status":"closed","ping_status":"open","sticky":false,"template":"","format":"standard","meta":{"_lmt_disableupdate":"","_lmt_disable":"","_jetpack_memberships_contains_paid_content":false,"footnotes":""},"categories":[109,51],"tags":[],"class_list":["post-87494","post","type-post","status-publish","format-standard","has-post-thumbnail","hentry","category-minuto-a-minuto","category-zona-roja"],"jetpack_featured_media_url":"https:\/\/zonaroja.com.mx\/wp-content\/uploads\/2024\/10\/Escena-balazos-balas-policiaca.jpg","jetpack_sharing_enabled":true,"_links":{"self":[{"href":"https:\/\/zonaroja.com.mx\/index.php?rest_route=\/wp\/v2\/posts\/87494","targetHints":{"allow":["GET"]}}],"collection":[{"href":"https:\/\/zonaroja.com.mx\/index.php?rest_route=\/wp\/v2\/posts"}],"about":[{"href":"https:\/\/zonaroja.com.mx\/index.php?rest_route=\/wp\/v2\/types\/post"}],"author":[{"embeddable":true,"href":"https:\/\/zonaroja.com.mx\/index.php?rest_route=\/wp\/v2\/users\/2"}],"replies":[{"embeddable":true,"href":"https:\/\/zonaroja.com.mx\/index.php?rest_route=%2Fwp%2Fv2%2Fcomments&post=87494"}],"version-history":[{"count":2,"href":"https:\/\/zonaroja.com.mx\/index.php?rest_route=\/wp\/v2\/posts\/87494\/revisions"}],"predecessor-version":[{"id":87501,"href":"https:\/\/zonaroja.com.mx\/index.php?rest_route=\/wp\/v2\/posts\/87494\/revisions\/87501"}],"wp:featuredmedia":[{"embeddable":true,"href":"https:\/\/zonaroja.com.mx\/index.php?rest_route=\/wp\/v2\/media\/73641"}],"wp:attachment":[{"href":"https:\/\/zonaroja.com.mx\/index.php?rest_route=%2Fwp%2Fv2%2Fmedia&parent=87494"}],"wp:term":[{"taxonomy":"category","embeddable":true,"href":"https:\/\/zonaroja.com.mx\/index.php?rest_route=%2Fwp%2Fv2%2Fcategories&post=87494"},{"taxonomy":"post_tag","embeddable":true,"href":"https:\/\/zonaroja.com.mx\/index.php?rest_route=%2Fwp%2Fv2%2Ftags&post=87494"}],"curies":[{"name":"wp","href":"https:\/\/api.w.org\/{rel}","templated":true}]}}