{"id":87496,"date":"2025-11-30T20:06:41","date_gmt":"2025-12-01T02:06:41","guid":{"rendered":"https:\/\/zonaroja.com.mx\/?p=87496"},"modified":"2025-11-30T20:06:43","modified_gmt":"2025-12-01T02:06:43","slug":"reaparece-amlo-a-un-ano-de-dejar-la-presidencia-para-defender-a-sheinbaum","status":"publish","type":"post","link":"https:\/\/zonaroja.com.mx\/?p=87496","title":{"rendered":"Reaparece AMLO a un a\u00f1o de dejar la Presidencia\u2026 para defender a Sheinbaum"},"content":{"rendered":"\n<p>Redacci\u00f3n\/Zona Roja Cdmx.<\/p>\n\n\n\n<p>(Informaci\u00f3n de Pol\u00edtico.Mx)<\/p>\n\n\n\n<p>Ciudad de M\u00e9xico, a 30 de noviembre de 2025.- Tras un a\u00f1o de haber salido de la presidencia, Andr\u00e9s Manuel L\u00f3pez Obrador hizo una reaparici\u00f3n a trav\u00e9s de sus redes sociales anunciando la publicaci\u00f3n pr\u00f3xima de su nuevo libro.<\/p>\n\n\n\n<p>En este el pol\u00e9mico exmandatario dio a conocer que su libro Grandeza est\u00e1 listo y estar\u00e1 disponible en librer\u00edas en los pr\u00f3ximos d\u00edas. Sin embargo descart\u00f3 salir de su retiro para realizar una gira como se hab\u00eda especulado: \u201cMe retir\u00e9 de la pol\u00edtica, de la pr\u00e1ctica pol\u00edtica, no es una simulaci\u00f3n, estoy jubilado\u201d.<\/p>\n\n\n\n<p>Sin embargo, se\u00f1al\u00f3 que solo por tres razones podr\u00eda romper su aislamiento en Palenque.<\/p>\n\n\n\n<p>TRES MOTIVOS<\/p>\n\n\n\n<p>De acuerdo con el expresidente, ha llevado una vida de lucha social durante toda su vida, por lo que seguir\u00eda en Palenque, pero dejar\u00eda esa vida en tres posibles escenarios:<\/p>\n\n\n\n<p>1. Atentaran contra la democracia a trav\u00e9s de alg\u00fan fraude: \u201ccomo hac\u00edan antes (&#8230;) eso ya no se puede permitir, de ninguna manera\u201d.<\/p>\n\n\n\n<p>2. Para defender a Claudia Sheinbaum en el caso de que haya un golpe de estado, aunque no ve muy posible este escenario.<\/p>\n\n\n\n<p>3. Defender la soberan\u00eda de M\u00e9xico: \u201cnuestro pa\u00eds es libre y es independiente (&#8230;) si se violara la soberan\u00eda, s\u00ed saldr\u00eda a la calle\u201d.<\/p>\n\n\n\n<p>Por otro lado, pidi\u00f3 que se apoyara a la presidenta Claudia Sheinbaum, a quien llam\u00f3 \u201cla mejor presidenta del mundo\u201d, debido a supuestos ataques en su contra.<\/p>\n\n\n\n<p>Se\u00f1al\u00f3 que era esencial estar atentos a los embates en su contra, pues era \u201ctemporada de zopilotes, buitres y halcones\u201d.<\/p>\n\n\n\n<p>De igual forma, asegur\u00f3 estar conforme con lo realizado durante su administraci\u00f3n, sin mencionar las cr\u00edticas y acusaciones que se han generado alrededor de su familia y c\u00edrculo cercano como &#8216;Andy\u2019 L\u00f3pez Beltr\u00e1n y Ad\u00e1n Augusto, morenistas se\u00f1alados de estar involucrados en el huachicol fiscal.<\/p>\n","protected":false},"excerpt":{"rendered":"<p>Redacci\u00f3n\/Zona Roja Cdmx. (Informaci\u00f3n de Pol\u00edtico.Mx) Ciudad de M\u00e9xico, a 30 de noviembre de 2025.-&hellip;<\/p>\n","protected":false},"author":2,"featured_media":87498,"comment_status":"closed","ping_status":"open","sticky":false,"template":"","format":"standard","meta":{"_lmt_disableupdate":"","_lmt_disable":"","_jetpack_memberships_contains_paid_content":false,"footnotes":""},"categories":[109,46],"tags":[143],"class_list":["post-87496","post","type-post","status-publish","format-standard","has-post-thumbnail","hentry","category-minuto-a-minuto","category-zona-blanca","tag-andres-manuel-lopez-obrador"],"jetpack_featured_media_url":"https:\/\/zonaroja.com.mx\/wp-content\/uploads\/2025\/11\/Andres-Manuel-Lopez-Obrador.jpeg","jetpack_sharing_enabled":true,"_links":{"self":[{"href":"https:\/\/zonaroja.com.mx\/index.php?rest_route=\/wp\/v2\/posts\/87496","targetHints":{"allow":["GET"]}}],"collection":[{"href":"https:\/\/zonaroja.com.mx\/index.php?rest_route=\/wp\/v2\/posts"}],"about":[{"href":"https:\/\/zonaroja.com.mx\/index.php?rest_route=\/wp\/v2\/types\/post"}],"author":[{"embeddable":true,"href":"https:\/\/zonaroja.com.mx\/index.php?rest_route=\/wp\/v2\/users\/2"}],"replies":[{"embeddable":true,"href":"https:\/\/zonaroja.com.mx\/index.php?rest_route=%2Fwp%2Fv2%2Fcomments&post=87496"}],"version-history":[{"count":1,"href":"https:\/\/zonaroja.com.mx\/index.php?rest_route=\/wp\/v2\/posts\/87496\/revisions"}],"predecessor-version":[{"id":87499,"href":"https:\/\/zonaroja.com.mx\/index.php?rest_route=\/wp\/v2\/posts\/87496\/revisions\/87499"}],"wp:featuredmedia":[{"embeddable":true,"href":"https:\/\/zonaroja.com.mx\/index.php?rest_route=\/wp\/v2\/media\/87498"}],"wp:attachment":[{"href":"https:\/\/zonaroja.com.mx\/index.php?rest_route=%2Fwp%2Fv2%2Fmedia&parent=87496"}],"wp:term":[{"taxonomy":"category","embeddable":true,"href":"https:\/\/zonaroja.com.mx\/index.php?rest_route=%2Fwp%2Fv2%2Fcategories&post=87496"},{"taxonomy":"post_tag","embeddable":true,"href":"https:\/\/zonaroja.com.mx\/index.php?rest_route=%2Fwp%2Fv2%2Ftags&post=87496"}],"curies":[{"name":"wp","href":"https:\/\/api.w.org\/{rel}","templated":true}]}}