{"id":8750,"date":"2020-02-14T09:30:42","date_gmt":"2020-02-14T15:30:42","guid":{"rendered":"http:\/\/www.zonaroja.com.mx\/?p=8750"},"modified":"2020-02-14T09:30:45","modified_gmt":"2020-02-14T15:30:45","slug":"mujer-fue-abusada-sexualmente-desde-pequena-por-lideres-de-la-luz-del-mundo","status":"publish","type":"post","link":"https:\/\/zonaroja.com.mx\/?p=8750","title":{"rendered":"Mujer fue abusada sexualmente desde peque\u00f1a por l\u00edderes de la Luz del Mundo"},"content":{"rendered":"\n<p>Redacci\u00f3n\/Zona Roja Cdmx. Foto: La\nOpini\u00f3n de Los \u00c1ngeles<\/p>\n\n\n\n<p>Ciudad de M\u00e9xico, 14 de febrero de 2020.-\nUna mujer del sur de California declar\u00f3 ayer en Los \u00c1ngeles que los dos l\u00edderes\nde la iglesia mexicana La Luz del Mundo abusaron sexualmente de ella durante 18\na\u00f1os, desde que ten\u00eda 12, manipulando pasajes de la Biblia para convencerla de\nque su maltrato era, en realidad, un regalo de Dios, seg\u00fan una demanda federal.\n<\/p>\n\n\n\n<p>Sochil Martin, de 33 a\u00f1os, dijo que\ndesde los 9 a\u00f1os fue \u201ccriada\u201d para complacer a los autoproclamados ap\u00f3stoles de\nla Iglesia, el difunto Samuel Joaqu\u00edn Flores y su hijo Naas\u00f3n Joaqu\u00edn Garc\u00eda. <\/p>\n\n\n\n<p>Se le ense\u00f1aron bailes er\u00f3ticos que\nderivaban en toqueteos y caricias sexuales. Despu\u00e9s de que cumpli\u00f3 20 a\u00f1os, el\nabuso se increment\u00f3 a violaciones, golpizas y humillaci\u00f3n p\u00fablica por parte de\nGarc\u00eda, asegur\u00f3 Martin, y continu\u00f3 hasta que escap\u00f3 de la Iglesia en 2016 junto\ncon su esposo. <\/p>\n\n\n\n<p>\u201cDurante los primeros 30 a\u00f1os de mi\nvida se me ense\u00f1\u00f3 a creer que mi cuerpo, mi mente y mi alma pertenec\u00edan a La\nLuz del Mundo porque esa era la voluntad de Dios\u201d, dijo el jueves con la voz\nentrecortada en una conferencia de prensa. <\/p>\n\n\n\n<p>\u201cHoy doy la cara porque esto debe\nacabar. Generaciones de ni\u00f1os criados por La Luz del Mundo han sido obligados a\nconvertirse en servidores sexuales de los ap\u00f3stoles de La Luz del Mundo\u201d. El\nabogado de Garc\u00eda no coment\u00f3 de inmediato sobre la demanda, que solicita un\njuicio con jurado e indemnizaciones a\u00fan no especificadas.<\/p>\n\n\n\n<p>Garc\u00eda fue arrestado el a\u00f1o pasado y\npermanece detenido sin derecho a fianza por cargos de violaci\u00f3n de menores y\ntr\u00e1fico de personas, relacionado con tres ni\u00f1as y una mujer, entre 2015 y 2018\nen el condado Los \u00c1ngeles. \u00c9l niega haber cometido algo ilegal. <\/p>\n\n\n\n<p>Martin, quien no es una de las mujeres\nen el caso penal, dijo que ha cooperado con las autoridades de M\u00e9xico y Estados\nUnidos desde octubre de 2018, pero sus abogados se negaron a dar detalles. <\/p>\n\n\n\n<p>El Departamento de Justicia de\nCalifornia, que lleva el caso contra Garc\u00eda, declin\u00f3 comentar. <\/p>\n\n\n\n<p>Naas\u00f3n Garc\u00eda, de 50 a\u00f1os, sigue siendo\nel l\u00edder espiritual de La Luz del Mundo. Su abuelo es el fundador de esa iglesia\nevang\u00e9lica cristiana con sede en Guadalajara, que asegura tener 5 millones de\nfieles alrededor del mundo. <\/p>\n\n\n\n<p>Martin naci\u00f3 en Monterey Park y fue\nmiembro de cuarta generaci\u00f3n de La Luz del Mundo, seg\u00fan indic\u00f3. Desde temprana\nedad se le dijo que era \u201cpropiedad\u201d de los ap\u00f3stoles de la Iglesia. <\/p>\n\n\n\n<p>Su t\u00eda, quien la cri\u00f3 desde que ten\u00eda\ntres a\u00f1os, le hac\u00eda favores sexuales a Samuel Joaqu\u00edn Flores y ayud\u00f3 a\nconvencer a su sobrina, dici\u00e9ndole que no se pod\u00eda negar a los deseos sexuales\nde los l\u00edderes, seg\u00fan la demanda. Martin dijo que cre\u00eda que los actos sexuales\neran \u201cen fomento de la voluntad de Dios\u201d. <\/p>\n\n\n\n<p>Durante los procedimientos judiciales,\nlos fiscales han dicho que algunos padres dentro de la Iglesia entregaban a sus\nhijos a los ap\u00f3stoles porque lo consideraban una \u201cbendici\u00f3n\u201d.<\/p>\n\n\n\n<p>En la denuncia, Martin dijo que intent\u00f3\nsuicidarse y que no estuvo lo suficientemente saludable a nivel emocional ni\npsicol\u00f3gico para interponer una demanda sino hasta finales del a\u00f1o pasado. En\nla demanda se describe el extravagante estilo de vida de Garc\u00eda y su familia,\nincluyendo la posesi\u00f3n de animales ex\u00f3ticos y un museo privado de autos\ncl\u00e1sicos restaurados, todos adquiridos con las contribuciones de los feligreses\ny la mano de obra gratuita. <\/p>\n\n\n\n<p>La denuncia calcula que Martin trabaj\u00f3\nalrededor de 30 mil horas sin sueldo para la Iglesia, incluyendo en su\ndepartamento de difusi\u00f3n en M\u00e9xico y California. <\/p>\n\n\n\n<p>En 2010 Flores se preocup\u00f3 por la\nobsesi\u00f3n de su hijo con Martin, pensando que pod\u00eda poner en riesgo la\nestabilidad de la Iglesia. Intent\u00f3 organizarle un matrimonio a ella y oblig\u00f3 a\nGarc\u00eda a trabajar en otro lugar, seg\u00fan la demanda.<\/p>\n\n\n\n<p>Poco despu\u00e9s del fallecimiento de\nFlores en 2014, su hijo reanud\u00f3 su relaci\u00f3n sexual con Martin, se a\u00f1ade en el\ntexto. Adem\u00e1s, se le pidi\u00f3 que preparara a menores para Garc\u00eda, y se afirma que\nrecibi\u00f3 una golpiza cuando se neg\u00f3 a participar en un acto sexual con un ni\u00f1o\nde 14 a\u00f1os. <\/p>\n\n\n\n<p>El esposo de Martin no estaba al tanto\nde la relaci\u00f3n de su esposa con Garc\u00eda hasta 2016, cuando encontr\u00f3 mensajes de\ntexto pornogr\u00e1ficos entre ella y el l\u00edder y fue entonces que la ayud\u00f3 a escapar\nde la Iglesia. <\/p>\n\n\n\n<p>Posteriormente, seg\u00fan la demanda, La\nLuz del Mundo emprendi\u00f3 una campa\u00f1a de calumnias contra su familia en M\u00e9xico y\nCalifornia e intent\u00f3 comprar su silencio, mand\u00f3 destruir su casa y orden\u00f3 que\nla siguieran. <\/p>\n\n\n\n<p>La campa\u00f1a continu\u00f3 incluso despu\u00e9s del\narresto de Naas\u00f3n Garc\u00eda, afirmaron sus abogados. En la conferencia de prensa,\nMartin se dirigi\u00f3 a otras posibles v\u00edctimas, inst\u00e1ndolas a dar la cara. \u201cEs\nmomento de que digan \u2018basta\u2019\u201d, coment\u00f3. \u201cNo es una bendici\u00f3n, no es un regalo\nde Dios, no est\u00e1 bien\u201d.<\/p>\n","protected":false},"excerpt":{"rendered":"<p>Redacci\u00f3n\/Zona Roja Cdmx. Foto: La Opini\u00f3n de Los \u00c1ngeles Ciudad de M\u00e9xico, 14 de febrero&hellip;<\/p>\n","protected":false},"author":2,"featured_media":8751,"comment_status":"closed","ping_status":"open","sticky":false,"template":"","format":"standard","meta":{"_lmt_disableupdate":"","_lmt_disable":"","_jetpack_memberships_contains_paid_content":false,"footnotes":""},"categories":[109,51],"tags":[1371],"class_list":["post-8750","post","type-post","status-publish","format-standard","has-post-thumbnail","hentry","category-minuto-a-minuto","category-zona-roja","tag-naason-joaquin-garcia"],"jetpack_featured_media_url":"https:\/\/zonaroja.com.mx\/wp-content\/uploads\/2020\/02\/Luz-del-Mundo.jpg","jetpack_sharing_enabled":true,"_links":{"self":[{"href":"https:\/\/zonaroja.com.mx\/index.php?rest_route=\/wp\/v2\/posts\/8750","targetHints":{"allow":["GET"]}}],"collection":[{"href":"https:\/\/zonaroja.com.mx\/index.php?rest_route=\/wp\/v2\/posts"}],"about":[{"href":"https:\/\/zonaroja.com.mx\/index.php?rest_route=\/wp\/v2\/types\/post"}],"author":[{"embeddable":true,"href":"https:\/\/zonaroja.com.mx\/index.php?rest_route=\/wp\/v2\/users\/2"}],"replies":[{"embeddable":true,"href":"https:\/\/zonaroja.com.mx\/index.php?rest_route=%2Fwp%2Fv2%2Fcomments&post=8750"}],"version-history":[{"count":1,"href":"https:\/\/zonaroja.com.mx\/index.php?rest_route=\/wp\/v2\/posts\/8750\/revisions"}],"predecessor-version":[{"id":8752,"href":"https:\/\/zonaroja.com.mx\/index.php?rest_route=\/wp\/v2\/posts\/8750\/revisions\/8752"}],"wp:featuredmedia":[{"embeddable":true,"href":"https:\/\/zonaroja.com.mx\/index.php?rest_route=\/wp\/v2\/media\/8751"}],"wp:attachment":[{"href":"https:\/\/zonaroja.com.mx\/index.php?rest_route=%2Fwp%2Fv2%2Fmedia&parent=8750"}],"wp:term":[{"taxonomy":"category","embeddable":true,"href":"https:\/\/zonaroja.com.mx\/index.php?rest_route=%2Fwp%2Fv2%2Fcategories&post=8750"},{"taxonomy":"post_tag","embeddable":true,"href":"https:\/\/zonaroja.com.mx\/index.php?rest_route=%2Fwp%2Fv2%2Ftags&post=8750"}],"curies":[{"name":"wp","href":"https:\/\/api.w.org\/{rel}","templated":true}]}}