{"id":87502,"date":"2025-11-30T20:37:17","date_gmt":"2025-12-01T02:37:17","guid":{"rendered":"https:\/\/zonaroja.com.mx\/?p=87502"},"modified":"2025-11-30T20:37:20","modified_gmt":"2025-12-01T02:37:20","slug":"caen-tres-oaxaquenas-de-muro-fronterizo-con-eu-una-pierde-la-vida","status":"publish","type":"post","link":"https:\/\/zonaroja.com.mx\/?p=87502","title":{"rendered":"Caen tres oaxaque\u00f1as de muro fronterizo con EU; una pierde la vida"},"content":{"rendered":"\n<p>Raymundo Morales\/Zona Roja.<\/p>\n\n\n\n<p>Oaxaca, Oax., a 30 de noviembre de 2025.- Tres mujeres originarias de Oaxaca cayeron del muro fronterizo cuando pretend\u00edan cruzar de manera ilegal hacia los Estados Unidos, una de las cuales falleci\u00f3.<\/p>\n\n\n\n<p>En un comunicado, el gobierno de Oaxaca confirm\u00f3 que, a trav\u00e9s de la Subsecretar\u00eda de Migraci\u00f3n y Poblaci\u00f3n, brinda atenci\u00f3n a mujeres originarias de la Costa que cayeron del muro en la ciudad de Tijuana, Baja California.<\/p>\n\n\n\n<p>La dependencia inform\u00f3 que una de ellas, lamentablemente perdi\u00f3 la vida, por lo que se ha iniciado la integraci\u00f3n de la documentaci\u00f3n necesaria y los tr\u00e1mites pertinentes para llevar a cabo el traslado del cuerpo desde Tijuana hasta Aguadulce, San Pedro Jicay\u00e1n, su comunidad de origen.<\/p>\n\n\n\n<p>\u201cPara estas acciones se estableci\u00f3 un enlace directo con los familiares, con quienes se mantendr\u00e1 comunicaci\u00f3n constante para brindarles acompa\u00f1amiento durante todo el proceso.<\/p>\n\n\n\n<p>\u201cOtras dos mujeres involucradas en el incidente presentan lesiones, pero su estado de salud se reporta estable. De igual manera, ya se realizaron los contactos correspondientes para canalizarlas con sus familias\u201d, indic\u00f3 en su comunicad de prensa.<\/p>\n\n\n\n<p>Detall\u00f3 que la Subsecretar\u00eda de Migraci\u00f3n y Poblaci\u00f3n permanecer\u00e1 atenta y en coordinaci\u00f3n con las instancias correspondientes para asegurar que todos los procedimientos se realicen conforme a lo establecido y con el acompa\u00f1amiento institucional necesario.<\/p>\n","protected":false},"excerpt":{"rendered":"<p>Raymundo Morales\/Zona Roja. Oaxaca, Oax., a 30 de noviembre de 2025.- Tres mujeres originarias de&hellip;<\/p>\n","protected":false},"author":2,"featured_media":87503,"comment_status":"closed","ping_status":"open","sticky":false,"template":"","format":"standard","meta":{"_lmt_disableupdate":"","_lmt_disable":"","_jetpack_memberships_contains_paid_content":false,"footnotes":""},"categories":[109,47],"tags":[2059],"class_list":["post-87502","post","type-post","status-publish","format-standard","has-post-thumbnail","hentry","category-minuto-a-minuto","category-zona-gris","tag-migrantes-oaxaquenos-fallecidos-en-eu"],"jetpack_featured_media_url":"https:\/\/zonaroja.com.mx\/wp-content\/uploads\/2025\/11\/Mueren-migrantes-muro-fronterizo-EU-oaxaquenas.jpg","jetpack_sharing_enabled":true,"_links":{"self":[{"href":"https:\/\/zonaroja.com.mx\/index.php?rest_route=\/wp\/v2\/posts\/87502","targetHints":{"allow":["GET"]}}],"collection":[{"href":"https:\/\/zonaroja.com.mx\/index.php?rest_route=\/wp\/v2\/posts"}],"about":[{"href":"https:\/\/zonaroja.com.mx\/index.php?rest_route=\/wp\/v2\/types\/post"}],"author":[{"embeddable":true,"href":"https:\/\/zonaroja.com.mx\/index.php?rest_route=\/wp\/v2\/users\/2"}],"replies":[{"embeddable":true,"href":"https:\/\/zonaroja.com.mx\/index.php?rest_route=%2Fwp%2Fv2%2Fcomments&post=87502"}],"version-history":[{"count":1,"href":"https:\/\/zonaroja.com.mx\/index.php?rest_route=\/wp\/v2\/posts\/87502\/revisions"}],"predecessor-version":[{"id":87504,"href":"https:\/\/zonaroja.com.mx\/index.php?rest_route=\/wp\/v2\/posts\/87502\/revisions\/87504"}],"wp:featuredmedia":[{"embeddable":true,"href":"https:\/\/zonaroja.com.mx\/index.php?rest_route=\/wp\/v2\/media\/87503"}],"wp:attachment":[{"href":"https:\/\/zonaroja.com.mx\/index.php?rest_route=%2Fwp%2Fv2%2Fmedia&parent=87502"}],"wp:term":[{"taxonomy":"category","embeddable":true,"href":"https:\/\/zonaroja.com.mx\/index.php?rest_route=%2Fwp%2Fv2%2Fcategories&post=87502"},{"taxonomy":"post_tag","embeddable":true,"href":"https:\/\/zonaroja.com.mx\/index.php?rest_route=%2Fwp%2Fv2%2Ftags&post=87502"}],"curies":[{"name":"wp","href":"https:\/\/api.w.org\/{rel}","templated":true}]}}