{"id":87505,"date":"2025-12-01T10:30:00","date_gmt":"2025-12-01T16:30:00","guid":{"rendered":"https:\/\/zonaroja.com.mx\/?p=87505"},"modified":"2025-12-01T10:46:14","modified_gmt":"2025-12-01T16:46:14","slug":"opinion-y-que-informaron-los-diputados-federales-por-oaxaca","status":"publish","type":"post","link":"https:\/\/zonaroja.com.mx\/?p=87505","title":{"rendered":"Opini\u00f3n. \u00bfY qu\u00e9 informaron los diputados federales por Oaxaca?"},"content":{"rendered":"\n<p>Ismael Garc\u00eda M.\/Zona Roja.<\/p>\n\n\n\n<p>Oaxaca, Oax., a 1 de diciembre de 2025.- El pasado s\u00e1bado, menos de una decena de diputados federales por Oaxaca rindi\u00f3 en la capital del estado un informe del primer a\u00f1os de labores en la C\u00e1mara Alta.<\/p>\n\n\n\n<p>Lo hicieron con la escasa presencia de personas, en un recinto universitario, que luci\u00f3 vac\u00edo, al igual que el documento que leyeron. Del resto de la veintena de legisladores, nada se sabe.<\/p>\n\n\n\n<p>\u00bfQui\u00e9nes son y qu\u00e9 hacen? \u00bfQu\u00e9 han hecho por el estado? Porque justamente a poco m\u00e1s de un a\u00f1o de haber asumido la curul, en su mayor\u00eda del Partido Morena, no se les conoce absolutamente ninguna acci\u00f3n legislativa a favor del pueblo que tanto dicen defender.<\/p>\n\n\n\n<p>No se les ve regresar a sus comunidades, m\u00e1s que a hacer proselitismo pol\u00edtico, no para escuchar las verdaderas necesidades de la gente, de los indigenas, de los que ellos dicen amar entra\u00f1ablemente\u2026 cuando buscaban el voto.<\/p>\n\n\n\n<p>Por cortes\u00eda pol\u00edtica acudi\u00f3 el titular del Poder Ejecutivo, Salom\u00f3n Jara Cruz, pero ni as\u00ed llegaron todos los que dicen comulgar con la Cuarta Transformaci\u00f3n y que en los hechos no hace m\u00e1s que medrar con ese movimiento.<\/p>\n\n\n\n<p>EXCESIVA REPRESENTACI\u00d3N<\/p>\n\n\n\n<p>Oaxaca es una de las entidades del pa\u00eds con el mayor n\u00famero de legisladores federales, en total 20, incluyendo uno que no representa a la entidad pero que fue incluido en la lista en la elecci\u00f3n pasada.<\/p>\n\n\n\n<p>Son 10 por mayor\u00eda relativa y 10 por representaci\u00f3n proporcional, quienes iniciaron funciones el 1 de septiembre del a\u00f1o 2024.<\/p>\n\n\n\n<p>El ajeno al estado entr\u00f3 por la v\u00eda plurinominal, Julio Javier Scherer Parey\u00f3n, hijo de Julio Scherer y Nora Parey\u00f3n, esta \u00faltima quien fuera en el sexenio de Gabino Cu\u00e9 Monteagudo.<\/p>\n\n\n\n<p>De Morena son 13 y varios repiten en el cargo, como Mar\u00eda del Carmen Bautista Pel\u00e1ez, Irma Juan Carlos, Herminia L\u00f3pez \u2014que fue pillada durmiendo en su curul\u2014, Gloria L\u00f3pez S\u00e1nchez, Aciel Sibaja Mendoza, M\u00edriam de los \u00c1ngeles V\u00e1squez.<\/p>\n\n\n\n<p>Est\u00e1n tambi\u00e9n la ex priista Mariana Ben\u00edtez Tiburcio, la joven Naty Jim\u00e9nez, familiar de Donato Vargas Jim\u00e9nez; la activista afro Rosa Mar\u00eda Castro Salinas; el ex priista Carmelo Cruz Mendoza y Luz Mar\u00eda Rodr\u00edguez P\u00e9rez.<\/p>\n\n\n\n<p>Del Verde Ecologista van los ex priistas Alejandro Avil\u00e9s y Ra\u00fal Bola\u00f1os Cacho Cu\u00e9, as\u00ed como el hijo de Julio Scherer.<\/p>\n\n\n\n<p>Por el PT repiten Margarita Garc\u00eda, por tercera ocasi\u00f3n, y Maribel Mart\u00ednez, por segunda ocasi\u00f3n y es esposa de Benjam\u00edn Robles; van tambi\u00e9n Jos\u00e9 Alejandro L\u00f3pez S\u00e1nchez y Martha Aracely Cruz Jim\u00e9nez.<\/p>\n\n\n\n<p>De Movimiento Ciudadano, Mar\u00eda de F\u00e1tima Garc\u00eda Le\u00f3n.<\/p>\n\n\n\n<p>\u00bfQU\u00c9 HACEN?<\/p>\n\n\n\n<p>En el informe del pasado viernes \u2014realizado en la Facultad de Bellas Artes de la UABJO\u2014, al que asistieron no m\u00e1s de 10 morenistas, todo fue perorata: defensas a la llamada Cuarta Transformaci\u00f3n, \u201clucha\u201d a favor del pueblo, democracia \u201cplena\u201d, defensa de la Presidenta Claudia Sheinbaum\u2026<\/p>\n\n\n\n<p>Pero nadie o casi nadie habl\u00f3 de las iniciativas que han presentado en tribuna, o cuando menos exhortos.<\/p>\n\n\n\n<p>Algunos ejemplos:<\/p>\n\n\n\n<p>La ex priista Mariana Ben\u00edtez, \u201cf\u00e9rrea defensora\u201d de las mujeres, se olvid\u00f3 del estado desde que se fue a la capital del pa\u00eds a formar parte de la Legislatura federal. De vez en cuando se le ve pero en redes sociales, donde comenta temas ajenos a su quehacer legislativo. \u00bfAlguna vez ha salido en defensa del titular del Poder Ejecutivo de Oaxaca?<\/p>\n\n\n\n<p>El eterno diputado federal Carol Antonio Altamirano, degusta las mieles del poder de legislador, pero para su beneficio; en las m\u00faltiples ocasiones que ha sido representante popular ha tenido funciones relevantes pero que no necesariamente benefician al estado.<\/p>\n\n\n\n<p>\u00bfY M\u00edriam V\u00e1squez Ruiz? Ex perredista originaria de Juchit\u00e1n, neomorenista que consigui\u00f3 su curul por las siglas del PVEM por la regi\u00f3n Cuenca. Al inicio se acord\u00f3 de su proselitismo pol\u00edtico pero a favor del grupo de Gustavo D\u00edaz S\u00e1nchez, ex priista que sigue en la c\u00e1rcel acusado de delitos de alto impacto y probable liga con la delincuencia organizada.<\/p>\n\n\n\n<p>\u00bfQu\u00e9 decir de Alejandro Avil\u00e9s \u00c1lvarez? Ex candidato a gobernador por el PRI \u2014cuya jefa de prensa por cierto fue Mariana Ben\u00edtez\u2014 que ha utilizando, toda su vida, el poder para servirse y servir a su familia; su hijo es regidor ahora en el ayuntamiento de Oaxaca de Ju\u00e1rez y sus familiares, acusados al inicio de irregularidades, ya no fueron molestados judicialmente; sus constructoras est\u00e1n en bonanza.<\/p>\n\n\n\n<p>Gloria S\u00e1nchez L\u00f3pez, ex alcaldesa juchiteca, ex diputada local y ahora federal, \u00bfqu\u00e9 ha hecho por su estado? Su familia sigue acumulando riquezas mientras el pueblo zapoteca sigue en grave crisis, sobre todo de inseguridad y violencia extrema.<\/p>\n\n\n\n<p>Irma Juan Carlos, m\u00e1s conocida por difundir im\u00e1genes comiendo rata que por su labor legislativa; m\u00e1s conocida por su constante difusi\u00f3n de fotograf\u00edas en reuniones que actividad legislativa; m\u00e1s conocida por vivir de la 4T pero sin defenderla; reiteradamente ha negado el respaldo al Ejecutivo estatal.<\/p>\n\n\n\n<p>Rosa Mar\u00eda Castro Salinas, activista coste\u00f1a a favor del pueblo afroamexicano, literalmente desapareci\u00f3 del mapa pol\u00edtico y del activismo; y cuando espor\u00e1dicamente aparece, lo hace al lado de Susana Harp Iturribarr\u00eda, quien se dice tambi\u00e9n defensora de los pueblos originarios.<\/p>\n\n\n\n<p>Naty Jim\u00e9nez, m\u00e1s conocida por sus lazos familiares con Donato Vargas&nbsp; \u2014acusado de violencia sexual\u2014 que por su labor; excesivo uso de las redes sociales, para informar que no hace otra cosa m\u00e1s que mostrar inexperiencia pol\u00edtica.<\/p>\n\n\n\n<p>Ra\u00fal Bola\u00f1os Cacho Cu\u00e9, quien cree que le sigue debiendo el cargo a Alejandro Murat, su mentor y ex jefe, hace lo de siempre: desaparecer de Oaxaca una vez que consigue un cargo p\u00fablico de representaci\u00f3n popular.<\/p>\n\n\n\n<p>\u00bfDel PT? S\u00f3lo alharaca; Margarita Garc\u00eda cree que su funci\u00f3n cotidiana, a todas horas, es criticar al gobernador de Oaxaca y nada m\u00e1s; Maribel Mart\u00ednez junto con su esposo Benjam\u00edn Robles manejan a su antojo el dinero del partido para beneficiar a sus familias y a su pecunio; Martha Aracely Cruz, activista, ha perdido la oportunidad de verdaderamente servir a los oaxaque\u00f1os, ante la violencia contra las mujeres que tanto criticaba.<\/p>\n\n\n\n<p>AJENOS AL RESPALDO<\/p>\n\n\n\n<p>La lista de los que no hacen nada la componen pr\u00e1cticamente la totalidad de legisladores, que viven su sue\u00f1o dorado, con vi\u00e1ticos, asesores, camionetas de lujo, ingresos estratosf\u00e9ricos.. pero nada de defender al estado.<\/p>\n\n\n\n<p>Nada de pronunciarse a favor de la Presidenta de M\u00e9xico, ya sea por los programas que impulsa o cuando es v\u00edctima de violencia; nada de pronunciarse a favor de Salom\u00f3n Jara, ya sea para defender sus programas sociales o para respaldarlo ante el proceso de Revocaci\u00f3n de Mandato.<\/p>\n\n\n\n<p>No. Est\u00e1n para servirse del presupuesto y nada m\u00e1s; est\u00e1n para vivir como jeques, mientras el pueblo que dicen defender sigue con las mismas carencias sociales; con incremento de la violencia; con una p\u00e9sima educaci\u00f3n; con falta de servicios b\u00e1sicos.<\/p>\n\n\n\n<p>Desde el siglo pasado, la reelecci\u00f3n del presidente y los gobernadores est\u00e1 prohibida en M\u00e9xico, sin embargo, en 2014 se aprob\u00f3 una reforma que permiti\u00f3 la reelecci\u00f3n de diputados federales y locales hasta en cuatro ocasiones consecutivas, y la de senadores, alcaldes y otros cargos municipales hasta en dos.<\/p>\n\n\n\n<p>En marzo pasado, se aprob\u00f3 por fin una reforma constitucional para impedir la reelecci\u00f3n, as\u00ed como el nepotismo\u2026 pero entrar\u00e1 en vigor hasta el a\u00f1o 2030.<\/p>\n\n\n\n<p>Quiz\u00e1 ya sea hora de retomar tambi\u00e9n el debate de eliminar las diputaciones plurinominales, que se consiguen como premio pol\u00edtico o por nepotismo, y bajar el n\u00famero de senadores y diputados, pues est\u00e1 comprobado la mayor\u00eda s\u00f3lo sirve para beneficiarse as\u00ed mismo y no para legislar a favor de las causas populares.<\/p>\n","protected":false},"excerpt":{"rendered":"<p>Ismael Garc\u00eda M.\/Zona Roja. Oaxaca, Oax., a 1 de diciembre de 2025.- El pasado s\u00e1bado,&hellip;<\/p>\n","protected":false},"author":2,"featured_media":67764,"comment_status":"closed","ping_status":"open","sticky":false,"template":"","format":"standard","meta":{"_lmt_disableupdate":"","_lmt_disable":"","_jetpack_memberships_contains_paid_content":false,"footnotes":""},"categories":[456,109,48],"tags":[1353],"class_list":["post-87505","post","type-post","status-publish","format-standard","has-post-thumbnail","hentry","category-columna","category-minuto-a-minuto","category-zona-critica","tag-opinion-zona-critica"],"jetpack_featured_media_url":"https:\/\/zonaroja.com.mx\/wp-content\/uploads\/2024\/04\/Opinion-Zona-Roja-Ismael-Garcia.jpg","jetpack_sharing_enabled":true,"_links":{"self":[{"href":"https:\/\/zonaroja.com.mx\/index.php?rest_route=\/wp\/v2\/posts\/87505","targetHints":{"allow":["GET"]}}],"collection":[{"href":"https:\/\/zonaroja.com.mx\/index.php?rest_route=\/wp\/v2\/posts"}],"about":[{"href":"https:\/\/zonaroja.com.mx\/index.php?rest_route=\/wp\/v2\/types\/post"}],"author":[{"embeddable":true,"href":"https:\/\/zonaroja.com.mx\/index.php?rest_route=\/wp\/v2\/users\/2"}],"replies":[{"embeddable":true,"href":"https:\/\/zonaroja.com.mx\/index.php?rest_route=%2Fwp%2Fv2%2Fcomments&post=87505"}],"version-history":[{"count":2,"href":"https:\/\/zonaroja.com.mx\/index.php?rest_route=\/wp\/v2\/posts\/87505\/revisions"}],"predecessor-version":[{"id":87523,"href":"https:\/\/zonaroja.com.mx\/index.php?rest_route=\/wp\/v2\/posts\/87505\/revisions\/87523"}],"wp:featuredmedia":[{"embeddable":true,"href":"https:\/\/zonaroja.com.mx\/index.php?rest_route=\/wp\/v2\/media\/67764"}],"wp:attachment":[{"href":"https:\/\/zonaroja.com.mx\/index.php?rest_route=%2Fwp%2Fv2%2Fmedia&parent=87505"}],"wp:term":[{"taxonomy":"category","embeddable":true,"href":"https:\/\/zonaroja.com.mx\/index.php?rest_route=%2Fwp%2Fv2%2Fcategories&post=87505"},{"taxonomy":"post_tag","embeddable":true,"href":"https:\/\/zonaroja.com.mx\/index.php?rest_route=%2Fwp%2Fv2%2Ftags&post=87505"}],"curies":[{"name":"wp","href":"https:\/\/api.w.org\/{rel}","templated":true}]}}