{"id":87507,"date":"2025-12-01T07:15:00","date_gmt":"2025-12-01T13:15:00","guid":{"rendered":"https:\/\/zonaroja.com.mx\/?p=87507"},"modified":"2025-12-01T06:41:27","modified_gmt":"2025-12-01T12:41:27","slug":"inician-en-xoxocotlan-operativo-diciembre-seguro-por-tu-bienestar","status":"publish","type":"post","link":"https:\/\/zonaroja.com.mx\/?p=87507","title":{"rendered":"Inician en Xoxocotl\u00e1n operativo \u201cDiciembre Seguro por tu Bienestar\u201d\u00a0"},"content":{"rendered":"\n<p>Redacci\u00f3n\/Zona Roja.<\/p>\n\n\n\n<p>Oaxaca, Oax., a 1 de diciembre de 2025.\u2013 Para reforzar la seguridad vial, prevenir delitos y proteger a las familias durante la temporada decembrina, el ayuntamiento de Santa Cruz Xoxocotl\u00e1n puso anoche en marcha el operativo \u201cDiciembre Seguro por tu Bienestar\u201d.<\/p>\n\n\n\n<p>La presidenta municipal, Nancy Ben\u00edtez Z\u00e1rate, encabez\u00f3 el banderazo y destac\u00f3 que \u201cXoxocotl\u00e1n es el primer municipio en implementar un operativo pensado tanto para las y los peregrinos que van a Juquila como para nuestra ciudadan\u00eda\u00bb porque \u00bb queremos que todos transiten con seguridad.\u201d<\/p>\n\n\n\n<p>El operativo contempla recorridos preventivos de Seguridad P\u00fablica, Vialidad y Protecci\u00f3n Civil en colonias, agencias y zonas de mayor afluencia, adem\u00e1s de puntos de control vial para prevenir accidentes y orientar a la poblaci\u00f3n<\/p>\n\n\n\n<p>Una de las prioridades ser\u00e1 brindar apoyo al turismo religioso que cruza por el municipio durante estas fechas.<\/p>\n\n\n\n<p>ENCIENDEN \u00c1RBOL<\/p>\n\n\n\n<p>En otro cacto, la alcaldesa de Xoxocotl\u00e1n encabez\u00f3 el encendido del tradicional \u00e1rbol navide\u00f1o en el parque central, donde cientos de familias se reunieron para compartir el esp\u00edritu de la temporada.<\/p>\n\n\n\n<p>Acompa\u00f1ada de autoridades locales, &nbsp;record\u00f3 que estas fechas son un tiempo de reflexi\u00f3n y uni\u00f3n familiar.<\/p>\n\n\n\n<p>\u201cLa luz que hoy encendemos simboliza el esfuerzo de las y los xoxe\u00f1os; seguiremos trabajando para que Xoxocotl\u00e1n salga adelante\u201d, expres\u00f3.<\/p>\n\n\n\n<p>La celebraci\u00f3n comenz\u00f3 a las seis de la tarde de ayer con villancicos interpretados por j\u00f3venes m\u00fasicos, llenando el parque de un ambiente c\u00e1lido y festivo.<\/p>\n\n\n\n<p>La noche cerr\u00f3 con la presentaci\u00f3n especial de la banda \u201cAires del Pac\u00edfico\u201d, que puso el toque final a una jornada llena de alegr\u00eda y convivencia.<\/p>\n\n\n\n<p>PROTECCI\u00d3N CULTURAL<\/p>\n\n\n\n<p>Por otra parte, la presidenta municipal de esta ciudad, Nancy Ben\u00edtez Z\u00e1rate, llam\u00f3 a preservar y difundir entre las nuevas generaciones la identidad cultural heredada por los antiguos pobladores de Monte Alb\u00e1n, durante el homenaje por el 55 aniversario luctuoso del arque\u00f3logo Alfonso Caso Andrade, descubridor de la Tumba 7.<\/p>\n\n\n\n<p>Durante el evento organizado por el ayuntamiento, la Secretar\u00eda de las Culturas y Artes de Oaxaca (Secult) y el Instituto Nacional de Antropolog\u00eda e Historia (INAH Oaxaca), la edil subray\u00f3 que esa zona arqueol\u00f3gica sigue siendo uno de los pilares culturales m\u00e1s importantes del pa\u00eds y un referente para comprender la ra\u00edz zapoteca de la regi\u00f3n.<\/p>\n\n\n\n<p>Z\u00e1rate Ben\u00edtez destac\u00f3 que el legado de Alfonso Caso contin\u00faa vigente al haber transformado la comprensi\u00f3n de las civilizaciones oaxaque\u00f1as y reiter\u00f3 la importancia de proteger, preservar y difundir entre los xoxe\u00f1os y xoxe\u00f1as un bien cultural mundial considerado Patrimonio Cultural de la Humanidad por la UNESCO.<\/p>\n\n\n\n<p>Alfonso Caso Andrade, uno de los arque\u00f3logos m\u00e1s influyentes del siglo XX, dirigi\u00f3 en 1932 el hallazgo de la Tumba 7 de Monte Alb\u00e1n, un descubrimiento que revel\u00f3 m\u00e1s de 600 piezas de oro, jade, turquesa y concha, convirti\u00e9ndose en un parteaguas para la arqueolog\u00eda mexicana y para el estudio de las \u00e9lites mixtecas.<\/p>\n\n\n\n<p>El homenaje a Caso Andrade, primer director general del Instituto Nacional de Antropolog\u00eda e Historia (INAH), incluy\u00f3 la conferencia magistral \u201cLas ruinas hablan, las comunidades tambi\u00e9n: \u00bfa qui\u00e9n escucha la arqueolog\u00eda?\u201d, impartida por el maestro Leobardo Pacheco Arias.<\/p>\n\n\n\n<p>Adem\u00e1s de la Mesa de arque\u00f3logos oaxaque\u00f1os titulada \u201cRa\u00edces en di\u00e1logo, nuevas generaciones y patrimonio vivo\u201d por las arque\u00f3logas, arque\u00f3logos y arquitecto Karla Itandehui Aguilar V\u00e1zquez, Itzel Chagoya Ayala, Pedro Guillermo Ramon Celis, Leobardo Pacheco Arias y Luis Garc\u00eda Lalo.<\/p>\n\n\n\n<p>El programa concluy\u00f3 con la intervenci\u00f3n musical del ensamble de la Casa de la Cultura Oaxaque\u00f1a.<\/p>\n","protected":false},"excerpt":{"rendered":"<p>Redacci\u00f3n\/Zona Roja. Oaxaca, Oax., a 1 de diciembre de 2025.\u2013 Para reforzar la seguridad vial,&hellip;<\/p>\n","protected":false},"author":2,"featured_media":87508,"comment_status":"closed","ping_status":"open","sticky":false,"template":"","format":"standard","meta":{"_lmt_disableupdate":"","_lmt_disable":"","_jetpack_memberships_contains_paid_content":false,"footnotes":""},"categories":[109,46],"tags":[133],"class_list":["post-87507","post","type-post","status-publish","format-standard","has-post-thumbnail","hentry","category-minuto-a-minuto","category-zona-blanca","tag-santa-cruz-xoxocotlan"],"jetpack_featured_media_url":"https:\/\/zonaroja.com.mx\/wp-content\/uploads\/2025\/12\/Arranca-operativo-Diciembre-Seguro-por-tu-Bienestar-en-Santa-Cruz-Xoxocotlan-3.jpeg","jetpack_sharing_enabled":true,"_links":{"self":[{"href":"https:\/\/zonaroja.com.mx\/index.php?rest_route=\/wp\/v2\/posts\/87507","targetHints":{"allow":["GET"]}}],"collection":[{"href":"https:\/\/zonaroja.com.mx\/index.php?rest_route=\/wp\/v2\/posts"}],"about":[{"href":"https:\/\/zonaroja.com.mx\/index.php?rest_route=\/wp\/v2\/types\/post"}],"author":[{"embeddable":true,"href":"https:\/\/zonaroja.com.mx\/index.php?rest_route=\/wp\/v2\/users\/2"}],"replies":[{"embeddable":true,"href":"https:\/\/zonaroja.com.mx\/index.php?rest_route=%2Fwp%2Fv2%2Fcomments&post=87507"}],"version-history":[{"count":1,"href":"https:\/\/zonaroja.com.mx\/index.php?rest_route=\/wp\/v2\/posts\/87507\/revisions"}],"predecessor-version":[{"id":87509,"href":"https:\/\/zonaroja.com.mx\/index.php?rest_route=\/wp\/v2\/posts\/87507\/revisions\/87509"}],"wp:featuredmedia":[{"embeddable":true,"href":"https:\/\/zonaroja.com.mx\/index.php?rest_route=\/wp\/v2\/media\/87508"}],"wp:attachment":[{"href":"https:\/\/zonaroja.com.mx\/index.php?rest_route=%2Fwp%2Fv2%2Fmedia&parent=87507"}],"wp:term":[{"taxonomy":"category","embeddable":true,"href":"https:\/\/zonaroja.com.mx\/index.php?rest_route=%2Fwp%2Fv2%2Fcategories&post=87507"},{"taxonomy":"post_tag","embeddable":true,"href":"https:\/\/zonaroja.com.mx\/index.php?rest_route=%2Fwp%2Fv2%2Ftags&post=87507"}],"curies":[{"name":"wp","href":"https:\/\/api.w.org\/{rel}","templated":true}]}}