{"id":87510,"date":"2025-12-01T08:15:00","date_gmt":"2025-12-01T14:15:00","guid":{"rendered":"https:\/\/zonaroja.com.mx\/?p=87510"},"modified":"2025-12-01T06:49:09","modified_gmt":"2025-12-01T12:49:09","slug":"no-para-violencia-en-zona-triqui-el-multi-denuncia-asesinato-de-militante","status":"publish","type":"post","link":"https:\/\/zonaroja.com.mx\/?p=87510","title":{"rendered":"No para violencia en zona Triqui; el MULTI denuncia asesinato de militante"},"content":{"rendered":"\n<p>Ismael Garc\u00eda M.\/Zona Roja.<\/p>\n\n\n\n<p>Oaxaca, Oax., a 1 de diciembre de 2025.- Un en\u00e9simo crimen ocurri\u00f3 ayer domingo en la zona Triqui del estado de Oaxaca.<\/p>\n\n\n\n<p>Ello lo denuncio el Movimiento de Unificaci\u00f3n y Lucha Independiente (MULTI), al precisar que el crimen contra uno de sus militantes ocurri\u00f3 en la comunidad de Yosoyuxi Copala, municipio de Santiago Juxtlahuca.<\/p>\n\n\n\n<p>\u201cHoy nuestra comunidad y nuestra organizaci\u00f3n viven un profundo dolor y una indignaci\u00f3n que nos atraviesa el coraz\u00f3n. Derivado del ataque armado ocurrido este d\u00eda en la comunidad de Yosoyuxi Copala.&nbsp;<\/p>\n\n\n\n<p>\u00abNuestro compa\u00f1ero C\u00e1ndido Santiago L\u00f3pez, dirigente natural de Yosoyuxi Copala e integrante de nuestra dirigencia pol\u00edtica comunitaria, perdi\u00f3 la vida a consecuencia de la violencia que desde hace a\u00f1os denunciamos sin descanso\u201d, destac\u00f3 en un comunicado.<\/p>\n\n\n\n<p>En seguida culp\u00f3, como lo ha hecho en todo los casos, a la familia Ortiz \u2014que forma parte de la dirigencia del MULT\u2014, que dijo continua operando de manera impune.<\/p>\n\n\n\n<p>\u201cNuestra organizaci\u00f3n ha se\u00f1alado reiteradamente ante el Gobierno del Estado y el Gobierno Federal, la existencia y actuaci\u00f3n violenta de estos grupos. Las autoridades conocen plenamente estos se\u00f1alamientos, pero su indolencia y o\u00eddos sordos han permitido que el terror contin\u00fae en nuestra naci\u00f3n triqui\u201d, puntualiz\u00f3 en su comunicado.<\/p>\n\n\n\n<p>De los hechos violentos responsabiliz\u00f3 a Emelia Ortiz, Eleazar Ortiz, Epifanio Ortiz y Manuel Ortiz, as\u00ed como a quienes consideran integrantes de los grupos paramilitares que hostigan a las comunidades: Alan Morales, Julio C\u00e9sar Morales, Antonio Ramirez Martinez, entre otros.<\/p>\n\n\n\n<p>Expuso que la muerte de C\u00e1ndido Santiago no quedar\u00e1 impune y exigi\u00f3 a la Fiscal\u00eda General del Estado de Oaxaca actuar a la brevedad en contra de los violentadores.<\/p>\n","protected":false},"excerpt":{"rendered":"<p>Ismael Garc\u00eda M.\/Zona Roja. Oaxaca, Oax., a 1 de diciembre de 2025.- Un en\u00e9simo crimen&hellip;<\/p>\n","protected":false},"author":2,"featured_media":70890,"comment_status":"closed","ping_status":"open","sticky":false,"template":"","format":"standard","meta":{"_lmt_disableupdate":"","_lmt_disable":"","_jetpack_memberships_contains_paid_content":false,"footnotes":""},"categories":[109,51],"tags":[2411],"class_list":["post-87510","post","type-post","status-publish","format-standard","has-post-thumbnail","hentry","category-minuto-a-minuto","category-zona-roja","tag-movimiento-de-unificacion-y-lucha-triqui-independiente-multi"],"jetpack_featured_media_url":"https:\/\/zonaroja.com.mx\/wp-content\/uploads\/2024\/07\/MULTI-triquis.jpg","jetpack_sharing_enabled":true,"_links":{"self":[{"href":"https:\/\/zonaroja.com.mx\/index.php?rest_route=\/wp\/v2\/posts\/87510","targetHints":{"allow":["GET"]}}],"collection":[{"href":"https:\/\/zonaroja.com.mx\/index.php?rest_route=\/wp\/v2\/posts"}],"about":[{"href":"https:\/\/zonaroja.com.mx\/index.php?rest_route=\/wp\/v2\/types\/post"}],"author":[{"embeddable":true,"href":"https:\/\/zonaroja.com.mx\/index.php?rest_route=\/wp\/v2\/users\/2"}],"replies":[{"embeddable":true,"href":"https:\/\/zonaroja.com.mx\/index.php?rest_route=%2Fwp%2Fv2%2Fcomments&post=87510"}],"version-history":[{"count":1,"href":"https:\/\/zonaroja.com.mx\/index.php?rest_route=\/wp\/v2\/posts\/87510\/revisions"}],"predecessor-version":[{"id":87511,"href":"https:\/\/zonaroja.com.mx\/index.php?rest_route=\/wp\/v2\/posts\/87510\/revisions\/87511"}],"wp:featuredmedia":[{"embeddable":true,"href":"https:\/\/zonaroja.com.mx\/index.php?rest_route=\/wp\/v2\/media\/70890"}],"wp:attachment":[{"href":"https:\/\/zonaroja.com.mx\/index.php?rest_route=%2Fwp%2Fv2%2Fmedia&parent=87510"}],"wp:term":[{"taxonomy":"category","embeddable":true,"href":"https:\/\/zonaroja.com.mx\/index.php?rest_route=%2Fwp%2Fv2%2Fcategories&post=87510"},{"taxonomy":"post_tag","embeddable":true,"href":"https:\/\/zonaroja.com.mx\/index.php?rest_route=%2Fwp%2Fv2%2Ftags&post=87510"}],"curies":[{"name":"wp","href":"https:\/\/api.w.org\/{rel}","templated":true}]}}