{"id":87512,"date":"2025-12-01T09:15:00","date_gmt":"2025-12-01T15:15:00","guid":{"rendered":"https:\/\/zonaroja.com.mx\/?p=87512"},"modified":"2025-12-01T06:55:39","modified_gmt":"2025-12-01T12:55:39","slug":"tras-protesta-festejo-en-aniversario-banda-de-musica-reconoce-apoyo-de-gobierno","status":"publish","type":"post","link":"https:\/\/zonaroja.com.mx\/?p=87512","title":{"rendered":"Tras protesta, festejo: en aniversario Banda de M\u00fasica reconoce apoyo de gobierno"},"content":{"rendered":"\n<p>Lisbeth Mej\u00eda Reyes\/Zona Roja.<\/p>\n\n\n\n<p>Oaxaca, Oax., a 1 de diciembre de 2025.- Luego de las protestas pac\u00edficas durante dos conciertos dominicales, la Banda de M\u00fasica del Estado de Oaxaca reconoci\u00f3 que el gobierno estatal ha atendido sus demandas de car\u00e1cter laboral y administrativo.<\/p>\n\n\n\n<p>\u201cAgradecerle de forma personal y tambi\u00e9n en voz de mis compa\u00f1eros al se\u00f1or gobernador (Salom\u00f3n Jara) porque nos ha escuchado; ha platicado con nosotros y hemos obtenido respuestas favorables y nos sentimos muy contentos\u201d, expuso ayer el director de la agrupaci\u00f3n, Mois\u00e9s Huantes Teodosio.<\/p>\n\n\n\n<p>Lo anterior en el marco del concierto especial efectuado ayer al mediod\u00eda en el teatro \u201cJu\u00e1rez\u201d de la capital, como parte de los festejos por el 157 aniversario de la creaci\u00f3n de la Banda de M\u00fasica del Estado.<\/p>\n\n\n\n<p>En el intermedio, el secretario de las Culturas y las Artes, Flavio Sosa Villavicencio, entreg\u00f3 un reconocimiento a la corporaci\u00f3n musical, que domingo a domingo ha engalanado los conciertos dominicales en el z\u00f3calo.<\/p>\n\n\n\n<p>Integrada por 62 mujeres y hombres que han forjado sus trayectorias en ella, este domingo la Banda de M\u00fasica del Estado de Oaxaca cumpli\u00f3 157 a\u00f1os y lo celebr\u00f3 con un concierto.<\/p>\n\n\n\n<p>Para este concierto de acceso gratuito, la instituci\u00f3n musical con m\u00e1s historia en el estado de Oaxaca tuvo como invitados a los clarinetistas Emiliano y Juli\u00e1n Mendoza, as\u00ed como al baritonista Jes\u00fas Alfredo Reyes.<\/p>\n\n\n\n<p>Bajo la direcci\u00f3n de Alejandro Huantes Teodocio, quien desde 2023 est\u00e1 al frente de ella, la banda deleit\u00f3 al p\u00fablico con un programa muy especial.<\/p>\n\n\n\n<p>La Banda de M\u00fasica del Estado de Oaxaca naci\u00f3 en el a\u00f1o 1868 y desde entonces las notas musicales han escrito su historia. Sin embargo, su permanencia tambi\u00e9n ha sorteado retos y carencias.<\/p>\n\n\n\n<figure class=\"wp-block-embed is-type-rich is-provider-twitter wp-block-embed-twitter\"><div class=\"wp-block-embed__wrapper\">\n<div class=\"twitter-tweet\"><blockquote class=\"twitter-tweet\" data-lang=\"es\"><p lang=\"es\" dir=\"ltr\">En el intermedio del concierto especial, el titular de la <a href=\"https:\/\/twitter.com\/SECULTA_GobOax?ref_src=twsrc%5Etfw\">@SECULTA_GobOax<\/a>, <a href=\"https:\/\/twitter.com\/flaviososavilla?ref_src=twsrc%5Etfw\">@flaviososavilla<\/a>, entreg\u00f3 un reconocimiento a la Banda de M\u00fasica del Estado, por el 157 aniversario. <br>El director de la instituci\u00f3n, Mois\u00e9s Huantes, agradeci\u00f3 al mandatario <a href=\"https:\/\/twitter.com\/salomonj?ref_src=twsrc%5Etfw\">@salomonj<\/a> por escucharlos y\u2026 <a href=\"https:\/\/t.co\/8ioQaRGA4e\">pic.twitter.com\/8ioQaRGA4e<\/a><\/p>&mdash; Zona Roja Oaxaca (@ZonaRoja_Oaxaca) <a href=\"https:\/\/twitter.com\/ZonaRoja_Oaxaca\/status\/1995270010386719100?ref_src=twsrc%5Etfw\">30 de noviembre de 2025<\/a><\/blockquote><\/div>\n<\/div><\/figure>\n\n\n\n<p>En las \u00faltimas semanas, la agrupaci\u00f3n se manifest\u00f3 de manera pac\u00edfica en al menos dos conciertos bajo los laureles del z\u00f3calo de la ciudad de Oaxaca. Aunque toc\u00f3 su repertorio, fue a trav\u00e9s de cartulinas como extern\u00f3 sus necesidades en cuanto a instrumentos, una sede para sus ensayos y la importancia de un aumento salarial.<\/p>\n\n\n\n<p>La banda ped\u00eda una audiencia con el gobernador Salom\u00f3n Jara y de acuerdo con su director se logr\u00f3 el di\u00e1logo y el compromiso del mandatario para atender las necesidades.<\/p>\n\n\n\n<p>La Banda de M\u00fasica del Estado de Oaxaca es una agrupaci\u00f3n centenaria que ha tenido entre sus directores a Amador P\u00e9rez Torres, \u00abDimas\u00bb, c\u00e9lebre por el danz\u00f3n\u00bbNereida\u00bb.&nbsp;<\/p>\n\n\n\n<p>Es tambi\u00e9n una agrupaci\u00f3n que ha sobrevivido a varios momentos clases de la historia de M\u00e9xico como la Revoluci\u00f3n.<\/p>\n\n\n\n<p>Los primeros directores de la banda sirvieron en los batallones de Guerrero y Zaragoza, de la Guardia Nacional de Oaxaca, por ello tambi\u00e9n su vinculaci\u00f3n con este \u00f3rgano militar. Pablo V\u00e1squez, del batall\u00f3n de Zaragoza, fue el primer director y estuvo al frente de ella de enero a abril de 1868; alternando en ese periodo, estuvo Bernardino Alcal\u00e1 (hermano del compositor Macedonio Alcal\u00e1).<\/p>\n\n\n\n<p>En las \u00faltimas d\u00e9cadas sus directores han sido Abel Jim\u00e9nez Luis, Eliseo Mart\u00ednez Garc\u00eda, F\u00e9lix M\u00e9ndez Garc\u00eda, C\u00e9sar Amora y, desde principios de 2023, Alejandro Huantes Teodocio.<\/p>\n\n\n\n<p>En su historia, la agrupaci\u00f3n tambi\u00e9n ha grabado discos como \u00abGuelaguetza Oaxaque\u00f1a\u00bb (1964), con su entonces director Diego Innes.<\/p>\n\n\n\n<p>Sobre su historia, el gobierno del estado de Oaxaca destaca que en el 2019 \u00abfue galardonada con la medalla \u201cMozart\u201d, que se otorga a las instituciones y personalidades que con calidad difunden la cultura a nivel nacional. Asimismo esta instituci\u00f3n musical represent\u00f3 a M\u00e9xico en el 11\u00b0 Festival Internacional Band\u00edstico, efectuado en junio y julio del 2003 en Brianza, Mil\u00e1n, Italia, en donde tambi\u00e9n participaron los pa\u00edses de Holanda, Rep\u00fablica Checa, Italia, Alemania, Austria, Espa\u00f1a y Hungr\u00eda\u00bb.<\/p>\n\n\n\n<p>En las \u00faltimas d\u00e9cadas, la agrupaci\u00f3n ha compartido escenario con int\u00e9rpretes como Edith Zepeda, Alejandro Corona, Lila Downs, Susana Harp, Geo Meneses y Natalia Lafourcade.<\/p>\n","protected":false},"excerpt":{"rendered":"<p>Lisbeth Mej\u00eda Reyes\/Zona Roja. Oaxaca, Oax., a 1 de diciembre de 2025.- Luego de las&hellip;<\/p>\n","protected":false},"author":2,"featured_media":87497,"comment_status":"closed","ping_status":"open","sticky":false,"template":"","format":"standard","meta":{"_lmt_disableupdate":"","_lmt_disable":"","_jetpack_memberships_contains_paid_content":false,"footnotes":""},"categories":[109,46],"tags":[3222],"class_list":["post-87512","post","type-post","status-publish","format-standard","has-post-thumbnail","hentry","category-minuto-a-minuto","category-zona-blanca","tag-banda-de-musica-del-estado-de-oaxaca"],"jetpack_featured_media_url":"https:\/\/zonaroja.com.mx\/wp-content\/uploads\/2025\/11\/Concierto-banda-de-musica-del-estado-Seculta-Flavio-Sosa.jpg","jetpack_sharing_enabled":true,"_links":{"self":[{"href":"https:\/\/zonaroja.com.mx\/index.php?rest_route=\/wp\/v2\/posts\/87512","targetHints":{"allow":["GET"]}}],"collection":[{"href":"https:\/\/zonaroja.com.mx\/index.php?rest_route=\/wp\/v2\/posts"}],"about":[{"href":"https:\/\/zonaroja.com.mx\/index.php?rest_route=\/wp\/v2\/types\/post"}],"author":[{"embeddable":true,"href":"https:\/\/zonaroja.com.mx\/index.php?rest_route=\/wp\/v2\/users\/2"}],"replies":[{"embeddable":true,"href":"https:\/\/zonaroja.com.mx\/index.php?rest_route=%2Fwp%2Fv2%2Fcomments&post=87512"}],"version-history":[{"count":1,"href":"https:\/\/zonaroja.com.mx\/index.php?rest_route=\/wp\/v2\/posts\/87512\/revisions"}],"predecessor-version":[{"id":87513,"href":"https:\/\/zonaroja.com.mx\/index.php?rest_route=\/wp\/v2\/posts\/87512\/revisions\/87513"}],"wp:featuredmedia":[{"embeddable":true,"href":"https:\/\/zonaroja.com.mx\/index.php?rest_route=\/wp\/v2\/media\/87497"}],"wp:attachment":[{"href":"https:\/\/zonaroja.com.mx\/index.php?rest_route=%2Fwp%2Fv2%2Fmedia&parent=87512"}],"wp:term":[{"taxonomy":"category","embeddable":true,"href":"https:\/\/zonaroja.com.mx\/index.php?rest_route=%2Fwp%2Fv2%2Fcategories&post=87512"},{"taxonomy":"post_tag","embeddable":true,"href":"https:\/\/zonaroja.com.mx\/index.php?rest_route=%2Fwp%2Fv2%2Ftags&post=87512"}],"curies":[{"name":"wp","href":"https:\/\/api.w.org\/{rel}","templated":true}]}}