{"id":87520,"date":"2025-12-01T13:15:00","date_gmt":"2025-12-01T19:15:00","guid":{"rendered":"https:\/\/zonaroja.com.mx\/?p=87520"},"modified":"2025-12-01T07:06:59","modified_gmt":"2025-12-01T13:06:59","slug":"con-grafica-y-literatura-celebran-el-xxxvii-aniversario-del-iago","status":"publish","type":"post","link":"https:\/\/zonaroja.com.mx\/?p=87520","title":{"rendered":"Con gr\u00e1fica y literatura celebran el XXXVII Aniversario del IAGO"},"content":{"rendered":"\n<p>Redacci\u00f3n\/Zona Roja.<\/p>\n\n\n\n<p>Oaxaca, Oax., a 1 de diciembre de 2025.- Fundado en 1988 por el artista Francisco Toledo, este 29 de noviembre el Instituto de Artes Gr\u00e1ficas de Oaxaca (IAGO) cumpli\u00f3 su XXXVII Aniversario.<\/p>\n\n\n\n<p>Y para conmemorar esta fecha el viernes se inaugur\u00f3 la exposici\u00f3n&nbsp;\u201cVariaciones del papel. Gr\u00e1fica y literatura\u201d, que aborda dos temas muy ligados a la creaci\u00f3n de este espacio como es la difusi\u00f3n de la gr\u00e1fica y la literatura, a trav\u00e9s de su biblioteca que es considerada una de las m\u00e1s importantes especializadas en arte y literatura y que actualmente asciende a cerca de 60 mil vol\u00famenes.<\/p>\n\n\n\n<p>Rigoberto D\u00edaz Juli\u00e1n, curador de la muestra indic\u00f3 que se presentan dos aproximaciones a la literatura desde la gr\u00e1fica, \u201cpor un lado, la obra creada por el artista mixteco Sergio Hern\u00e1ndez a partir de la historia Las aventuras de Alicia en el pa\u00eds de las maravillas y, por otro, las piezas realizadas por Toledo inspiradas en su interpretaci\u00f3n del cuento Pinocho\u201d.&nbsp;<\/p>\n\n\n\n<p>\u201cAmbas propuestas ofrecen una lectura que va m\u00e1s all\u00e1 de la simple ilustraci\u00f3n de historias asociadas con la literatura infantil. Son obras gr\u00e1ficas que nos invitan a regresar a los textos para descubrir elementos que antes no hab\u00edamos percibido\u201d.&nbsp;<\/p>\n\n\n\n<p>Hazam Jara, director del IAGO mencion\u00f3 que en las \u00faltimas casi cuatro d\u00e9cadas este espacio ha realizado exposiciones, talleres, conferencias y presentaciones de libros para difundir la gr\u00e1fica y la literatura, actividades que han sido fundamentales para que el IAGO sea considerado un referente en las artes gr\u00e1ficas.<\/p>\n\n\n\n<p>\u201cEn esta exposici\u00f3n contamos con obra del artista Sergio Hern\u00e1ndez, quien ha estado ligado a este espacio por su amistad con el maestro Toledo, y su v\u00ednculo con el IAGO no solo ha sido como parte de la exhibici\u00f3n de obra, tambi\u00e9n a trav\u00e9s de importantes donaciones que ha realizado para acrecentar el acervo de la biblioteca\u201d, detall\u00f3 el director del IAGO.<\/p>\n\n\n\n<p>Agreg\u00f3 que en el museo estar\u00e1n disponibles algunos libros para consulta de los visitantes, \u201cadem\u00e1s de que es una oportunidad para recorrer la biblioteca que se ha nutrido con donaciones de artistas como Rufino Tamayo, Sergio Hern\u00e1ndez y el mismo maestro Toledo quien cotidianamente llegaba con libros nuevos\u201d<\/p>\n\n\n\n<p>\u201cGr\u00e1fica y literatura\u201d tambi\u00e9n presenta una selecci\u00f3n de ejemplares de la Biblioteca del ni\u00f1o Mexicano y otros libros infantiles publicados sobre todo entre los a\u00f1os cuarenta y ochenta.&nbsp;<\/p>\n\n\n\n<p>\u201cVariaciones del papel\u201d es un ciclo de tres exposiciones que exploran las posibilidades del libro. Est\u00e1 compuesto por las muestras Fotograf\u00eda y libros que actualmente se puede visitar en el Centro Fotogr\u00e1fico Manuel \u00c1lvarez Bravo (CFMAB), Gr\u00e1fica y literatura a partir del 28 de noviembre en el IAGO y \u201cRecopilar y editar\u201d se inaugur\u00f3 el 29 de noviembre en el Centro de las Artes de San Agust\u00edn (CaSa).<\/p>\n","protected":false},"excerpt":{"rendered":"<p>Redacci\u00f3n\/Zona Roja. Oaxaca, Oax., a 1 de diciembre de 2025.- Fundado en 1988 por el&hellip;<\/p>\n","protected":false},"author":2,"featured_media":87521,"comment_status":"closed","ping_status":"open","sticky":false,"template":"","format":"standard","meta":{"_lmt_disableupdate":"","_lmt_disable":"","_jetpack_memberships_contains_paid_content":false,"footnotes":""},"categories":[109,46],"tags":[791],"class_list":["post-87520","post","type-post","status-publish","format-standard","has-post-thumbnail","hentry","category-minuto-a-minuto","category-zona-blanca","tag-instituto-de-artes-graficas-de-oaxaca"],"jetpack_featured_media_url":"https:\/\/zonaroja.com.mx\/wp-content\/uploads\/2025\/12\/Grafica-y-literatura-en-el-IAGO.jpg","jetpack_sharing_enabled":true,"_links":{"self":[{"href":"https:\/\/zonaroja.com.mx\/index.php?rest_route=\/wp\/v2\/posts\/87520","targetHints":{"allow":["GET"]}}],"collection":[{"href":"https:\/\/zonaroja.com.mx\/index.php?rest_route=\/wp\/v2\/posts"}],"about":[{"href":"https:\/\/zonaroja.com.mx\/index.php?rest_route=\/wp\/v2\/types\/post"}],"author":[{"embeddable":true,"href":"https:\/\/zonaroja.com.mx\/index.php?rest_route=\/wp\/v2\/users\/2"}],"replies":[{"embeddable":true,"href":"https:\/\/zonaroja.com.mx\/index.php?rest_route=%2Fwp%2Fv2%2Fcomments&post=87520"}],"version-history":[{"count":1,"href":"https:\/\/zonaroja.com.mx\/index.php?rest_route=\/wp\/v2\/posts\/87520\/revisions"}],"predecessor-version":[{"id":87522,"href":"https:\/\/zonaroja.com.mx\/index.php?rest_route=\/wp\/v2\/posts\/87520\/revisions\/87522"}],"wp:featuredmedia":[{"embeddable":true,"href":"https:\/\/zonaroja.com.mx\/index.php?rest_route=\/wp\/v2\/media\/87521"}],"wp:attachment":[{"href":"https:\/\/zonaroja.com.mx\/index.php?rest_route=%2Fwp%2Fv2%2Fmedia&parent=87520"}],"wp:term":[{"taxonomy":"category","embeddable":true,"href":"https:\/\/zonaroja.com.mx\/index.php?rest_route=%2Fwp%2Fv2%2Fcategories&post=87520"},{"taxonomy":"post_tag","embeddable":true,"href":"https:\/\/zonaroja.com.mx\/index.php?rest_route=%2Fwp%2Fv2%2Ftags&post=87520"}],"curies":[{"name":"wp","href":"https:\/\/api.w.org\/{rel}","templated":true}]}}