{"id":87524,"date":"2025-12-01T15:35:52","date_gmt":"2025-12-01T21:35:52","guid":{"rendered":"https:\/\/zonaroja.com.mx\/?p=87524"},"modified":"2025-12-01T15:35:55","modified_gmt":"2025-12-01T21:35:55","slug":"felicita-el-embajador-de-eu-al-gabinete-de-seguridad-por-abatimiento-de-el-pichon","status":"publish","type":"post","link":"https:\/\/zonaroja.com.mx\/?p=87524","title":{"rendered":"Felicita el embajador de EU al gabinete de seguridad por abatimiento de \u2018El Pich\u00f3n\u2019"},"content":{"rendered":"\n<p>Redacci\u00f3n\/Zona Roja Cdmx.<\/p>\n\n\n\n<p>(Informaci\u00f3n de \u201cAhora Tabasco\u201d)<\/p>\n\n\n\n<p>Ciudad de M\u00e9xico, a 1 de diciembre de 2025.- El&nbsp;embajador de Estados Unidos, Ronald Johnson, felicit\u00f3 al Gabinete de Seguridad de M\u00e9xico por el operativo donde Pedro \u201cN\u201d, alias&nbsp;\u201cEl Pich\u00f3n\u201d, fue abatido.<\/p>\n\n\n\n<p>\u201cEstos resultados reflejan lo que nuestras naciones pueden lograr cuando trabajan juntas contra quienes representan una amenaza para nuestros ciudadanos. \u00a1La justicia prevalecer\u00e1!\u201d, a\u00f1adi\u00f3&nbsp;Ronald Johnson.<\/p>\n\n\n\n<p>Las autoridades de M\u00e9xico informaron este domingo que fue abatido en el estado de Sinaloa, Pedro Inzunza Coronel, alias Pich\u00f3n, acusado de narcoterrorismo por Estados Unidos.<\/p>\n\n\n\n<p>El&nbsp;secretario de Marina, Raymundo Pedro Morales \u00c1ngeles, anunci\u00f3 en conferencia de prensa que Pedro \u2018N\u2019 \u201cfue neutralizado\u201d durante un operativo en el que tambi\u00e9n se detuvo a dos personas identificadas como Galeno \u2018N\u2019 y Miguel \u2018N\u2019.<\/p>\n\n\n\n<p>Morales mencion\u00f3 que todos son integrantes de una facci\u00f3n del grupo criminal Chapo Isidro, \u201cque se dedica principalmente a la producci\u00f3n de drogas sint\u00e9ticas\u201d.<\/p>\n\n\n\n<p>En un comunicado conjunto, la Marina, la&nbsp;Secretar\u00eda de Seguridad P\u00fablica y Protecci\u00f3n Ciudadana (SSPC)&nbsp;y la&nbsp;Fiscal\u00eda General de la Rep\u00fablica (FGR)&nbsp;detallaron que la acci\u00f3n fue resultado de dos cateos en domicilios asociados a Inzunza Coronel, identificado como l\u00edder del grupo delictivo.<\/p>\n\n\n\n<p>Explicaron que al realizar recorridos de seguridad los agentes fueron agredidos con disparos de arma de fuego, por lo que \u201crepelieron la agresi\u00f3n y controlaron la situaci\u00f3n\u201d, dando como resultado el abatimiento del presunto l\u00edder criminal.<\/p>\n\n\n\n<p>Adem\u00e1s, fueron detenidos Adelemo P\u00e9rez Hern\u00e1ndez, alias \u2018Lemu\u2019, presunto operador log\u00edstico, y Miguel \u00c1ngel Villalba Castillo, quien se desempe\u00f1aba como sicario.<\/p>\n\n\n\n<p>Tambi\u00e9n se aseguraron tres armas cortas, una granada y una bolsa con un kilo de pastillas de fentanilo, agregaron.<\/p>\n\n\n\n<p>En los domicilios cateados, ubicados en los municipios Guasave y Ahome, los agentes aseguraron dos armas de fuego, cuatro veh\u00edculos y dos tel\u00e9fonos celulares.<\/p>\n\n\n\n<p>Asimismo, ubicaron dos laboratorios clandestinos para la producci\u00f3n de drogas sint\u00e9ticas, donde tambi\u00e9n incautaron un fusil, cartuchos, una camioneta, 1.425 kilos de cristal, un kilo de fentanilo, 600 litros de precursores qu\u00edmicos, un reactor y diferentes recipientes.<\/p>\n\n\n\n<p>Las autoridades mexicanas recordaron adem\u00e1s que en mayo de 2025 el&nbsp;Departamento de Justicia de EE.UU.&nbsp;\u201crealiz\u00f3 una acusaci\u00f3n formal por narcoterrorismo contra Pedro Inzunza Noriega, alias Sagitario, exl\u00edder del&nbsp;C\u00e1rtel Beltr\u00e1n Leyva, y su hijo, Pedro Inzunza Coronel, alias Pich\u00f3n\u201d.<\/p>\n\n\n\n<p>Apuntaron que este delito comprende condena a cadena perpetua, con cumplimiento m\u00ednimo de 20 a\u00f1os en prisi\u00f3n, adem\u00e1s de una multa de 20 millones de d\u00f3lares, seg\u00fan la acusaci\u00f3n de las autoridades estadounidenses.<\/p>\n","protected":false},"excerpt":{"rendered":"<p>Redacci\u00f3n\/Zona Roja Cdmx. (Informaci\u00f3n de \u201cAhora Tabasco\u201d) Ciudad de M\u00e9xico, a 1 de diciembre de&hellip;<\/p>\n","protected":false},"author":2,"featured_media":87525,"comment_status":"closed","ping_status":"open","sticky":false,"template":"","format":"standard","meta":{"_lmt_disableupdate":"","_lmt_disable":"","_jetpack_memberships_contains_paid_content":false,"footnotes":""},"categories":[109,47],"tags":[4558],"class_list":["post-87524","post","type-post","status-publish","format-standard","has-post-thumbnail","hentry","category-minuto-a-minuto","category-zona-gris","tag-pedro-n-alias-el-pichon"],"jetpack_featured_media_url":"https:\/\/zonaroja.com.mx\/wp-content\/uploads\/2025\/12\/El-Pichon-abatido-Sinaloa.jpg","jetpack_sharing_enabled":true,"_links":{"self":[{"href":"https:\/\/zonaroja.com.mx\/index.php?rest_route=\/wp\/v2\/posts\/87524","targetHints":{"allow":["GET"]}}],"collection":[{"href":"https:\/\/zonaroja.com.mx\/index.php?rest_route=\/wp\/v2\/posts"}],"about":[{"href":"https:\/\/zonaroja.com.mx\/index.php?rest_route=\/wp\/v2\/types\/post"}],"author":[{"embeddable":true,"href":"https:\/\/zonaroja.com.mx\/index.php?rest_route=\/wp\/v2\/users\/2"}],"replies":[{"embeddable":true,"href":"https:\/\/zonaroja.com.mx\/index.php?rest_route=%2Fwp%2Fv2%2Fcomments&post=87524"}],"version-history":[{"count":1,"href":"https:\/\/zonaroja.com.mx\/index.php?rest_route=\/wp\/v2\/posts\/87524\/revisions"}],"predecessor-version":[{"id":87526,"href":"https:\/\/zonaroja.com.mx\/index.php?rest_route=\/wp\/v2\/posts\/87524\/revisions\/87526"}],"wp:featuredmedia":[{"embeddable":true,"href":"https:\/\/zonaroja.com.mx\/index.php?rest_route=\/wp\/v2\/media\/87525"}],"wp:attachment":[{"href":"https:\/\/zonaroja.com.mx\/index.php?rest_route=%2Fwp%2Fv2%2Fmedia&parent=87524"}],"wp:term":[{"taxonomy":"category","embeddable":true,"href":"https:\/\/zonaroja.com.mx\/index.php?rest_route=%2Fwp%2Fv2%2Fcategories&post=87524"},{"taxonomy":"post_tag","embeddable":true,"href":"https:\/\/zonaroja.com.mx\/index.php?rest_route=%2Fwp%2Fv2%2Ftags&post=87524"}],"curies":[{"name":"wp","href":"https:\/\/api.w.org\/{rel}","templated":true}]}}