{"id":87527,"date":"2025-12-01T16:37:00","date_gmt":"2025-12-01T22:37:00","guid":{"rendered":"https:\/\/zonaroja.com.mx\/?p=87527"},"modified":"2025-12-01T15:46:38","modified_gmt":"2025-12-01T21:46:38","slug":"defennsoria-de-derechos-humanos-negocia-conciliaciones-acusa-diputada","status":"publish","type":"post","link":"https:\/\/zonaroja.com.mx\/?p=87527","title":{"rendered":"Defennsor\u00eda de Derechos Humanos negocia \u201cconciliaciones\u201d, acusa diputada"},"content":{"rendered":"\n<p>Lisbeth Mej\u00eda Reyes\/Zona Roja.<\/p>\n\n\n\n<p>Oaxaca, Oax., a 1 de diciembre de 2025.- La ley de la Defensor\u00eda de los Derechos Humanos del Pueblo de Oaxaca (DDHPO) tiene lagunas con las que se revictimiza a las personas agraviadas, se\u00f1al\u00f3 la diputada Analy Peral Vivar, al exponer que la actual normativa permite al organismo emitir propuestas de conciliaci\u00f3n unilaterales.&nbsp;<\/p>\n\n\n\n<p>Es decir, que en lugar de una reparaci\u00f3n integral se menoscaben los derechos humanos de las v\u00edctimas.<\/p>\n\n\n\n<p>\u00abEsto implica que se pueden cerrar expedientes y negociar soluciones con las autoridades responsables, sin contar con el consentimiento de la v\u00edctima\u00bb, expres\u00f3 durante la sesi\u00f3n ordinaria del Congreso del Estado del pasado martes.&nbsp;<\/p>\n\n\n\n<p>De acuerdo con la legisladora de Morena por el distrito IV, la Defensor\u00eda utiliza la conciliaci\u00f3n como una herramienta para limpiar estad\u00edsticas y archivar casos, excluyendo a quien sufri\u00f3 el da\u00f1o. \u00abEso no es justicia, es un acto de revictimizaci\u00f3n institucional\u00bb.<\/p>\n\n\n\n<p>Como ejemplo de esto, la diputada habl\u00f3 del expediente de queja relacionado con el homicidio de Manuel Cartas, un defensor de derechos humanos y de la vivienda asesinado en 2021 y sobre el cual la Defensor\u00eda emiti\u00f3 dos propuestas de conciliaci\u00f3n, mismas que han sido rechazadas por la v\u00edctima indirecta.<\/p>\n\n\n\n<p>\u00abSin embargo, la Defensor\u00eda ha hecho caso omiso de estas manifestaciones. Al inicio se observa un acuerdo en donde el director de la segunda defensor\u00eda especializada de la Defensor\u00eda da por recibido un escrito en donde la v\u00edctima indirecta le hace saber que no acepta la propuesta de conciliaci\u00f3n\u00bb, dijo en tribuna.<\/p>\n\n\n\n<p>Pese a a la negativa de la v\u00edctima, la Defensor\u00eda respondi\u00f3 que en su ley y reglamento interno \u00abno se establece que la propuesta de conciliaci\u00f3n est\u00e9 sujeta a la aceptaci\u00f3n de la parte quejosa\u00bb.&nbsp;<\/p>\n\n\n\n<p>Incluso, agregar que \u00abla propuesta de conciliaci\u00f3n es una determinaci\u00f3n institucional que refleja el an\u00e1lisis y valoraci\u00f3n t\u00e9cnica y jur\u00eddica de los hechos denunciados y de la obligaci\u00f3n de este organismo de tutelar los derechos humanos, por lo que la aceptaci\u00f3n o rechazo de la persona quejosa no condiciona la validez o efectos de la propuesta emitida\u00bb.<\/p>\n\n\n\n<p>Con este ejemplo, la diputada advirti\u00f3 sobre la gravedad de c\u00f3mo est\u00e1n operando las propuestas de conciliaci\u00f3n de la Defensor\u00eda, al ignorar a la v\u00edctima y que lejos de ser un mecanismo de conciliaci\u00f3n entre la v\u00edctima y la autoridad responsable es una imposici\u00f3n, esto porque la Defensor\u00eda emite sus propuestas de conciliaci\u00f3n sin el consentimiento de la persona agraviada, sin criterios claros y sin garantizar una reparaci\u00f3n integral del da\u00f1o.<\/p>\n\n\n\n<p>Ante esta laguna en la ley de la DDHPO, la legisladora present\u00f3 este martes una iniciativa para que las propuestas de conciliaci\u00f3n se hagan sin menoscabar los derechos de la persona agraviada. Esto mediante la inclusi\u00f3n un cap\u00edtulo denominado \u00abII BIS. De las propuestas de conciliaci\u00f3n\u00bb y los art\u00edculos 75 BIS y 75 TER en tal ley.<\/p>\n\n\n\n<p>Para esto, se\u00f1al\u00f3 que se tienen que cumplir tres pilares fundamentales: la petici\u00f3n expresa y el consentimiento de la v\u00edctima para que la Defensor\u00eda emita una propuesta de conciliaci\u00f3n, pues de lo contrario tiene que seguir el proceso de investigaci\u00f3n hasta las \u00faltimas consecuencias; que toda propuesta de conciliaci\u00f3n debe contemplar una efectiva reparaci\u00f3n integral del da\u00f1o y no quede en lo simb\u00f3lico, adem\u00e1s de que esta reparaci\u00f3n no quede en la simulaci\u00f3n por parte de las autoridades responsables.<\/p>\n","protected":false},"excerpt":{"rendered":"<p>Lisbeth Mej\u00eda Reyes\/Zona Roja. Oaxaca, Oax., a 1 de diciembre de 2025.- La ley de&hellip;<\/p>\n","protected":false},"author":2,"featured_media":64834,"comment_status":"closed","ping_status":"open","sticky":false,"template":"","format":"standard","meta":{"_lmt_disableupdate":"","_lmt_disable":"","_jetpack_memberships_contains_paid_content":false,"footnotes":""},"categories":[109,47],"tags":[287,286],"class_list":["post-87527","post","type-post","status-publish","format-standard","has-post-thumbnail","hentry","category-minuto-a-minuto","category-zona-gris","tag-ddhpo","tag-defensoria-de-los-derechos-humanos-del-pueblo-de-oaxaca"],"jetpack_featured_media_url":"https:\/\/zonaroja.com.mx\/wp-content\/uploads\/2024\/02\/DDHPO-Defensoria-Derechos.jpg","jetpack_sharing_enabled":true,"_links":{"self":[{"href":"https:\/\/zonaroja.com.mx\/index.php?rest_route=\/wp\/v2\/posts\/87527","targetHints":{"allow":["GET"]}}],"collection":[{"href":"https:\/\/zonaroja.com.mx\/index.php?rest_route=\/wp\/v2\/posts"}],"about":[{"href":"https:\/\/zonaroja.com.mx\/index.php?rest_route=\/wp\/v2\/types\/post"}],"author":[{"embeddable":true,"href":"https:\/\/zonaroja.com.mx\/index.php?rest_route=\/wp\/v2\/users\/2"}],"replies":[{"embeddable":true,"href":"https:\/\/zonaroja.com.mx\/index.php?rest_route=%2Fwp%2Fv2%2Fcomments&post=87527"}],"version-history":[{"count":1,"href":"https:\/\/zonaroja.com.mx\/index.php?rest_route=\/wp\/v2\/posts\/87527\/revisions"}],"predecessor-version":[{"id":87528,"href":"https:\/\/zonaroja.com.mx\/index.php?rest_route=\/wp\/v2\/posts\/87527\/revisions\/87528"}],"wp:featuredmedia":[{"embeddable":true,"href":"https:\/\/zonaroja.com.mx\/index.php?rest_route=\/wp\/v2\/media\/64834"}],"wp:attachment":[{"href":"https:\/\/zonaroja.com.mx\/index.php?rest_route=%2Fwp%2Fv2%2Fmedia&parent=87527"}],"wp:term":[{"taxonomy":"category","embeddable":true,"href":"https:\/\/zonaroja.com.mx\/index.php?rest_route=%2Fwp%2Fv2%2Fcategories&post=87527"},{"taxonomy":"post_tag","embeddable":true,"href":"https:\/\/zonaroja.com.mx\/index.php?rest_route=%2Fwp%2Fv2%2Ftags&post=87527"}],"curies":[{"name":"wp","href":"https:\/\/api.w.org\/{rel}","templated":true}]}}