{"id":87529,"date":"2025-12-01T17:46:00","date_gmt":"2025-12-01T23:46:00","guid":{"rendered":"https:\/\/zonaroja.com.mx\/?p=87529"},"modified":"2025-12-01T16:25:07","modified_gmt":"2025-12-01T22:25:07","slug":"acredita-teeo-violencia-politica-motivada-por-orientacion-sexual-en-san-martin-peras","status":"publish","type":"post","link":"https:\/\/zonaroja.com.mx\/?p=87529","title":{"rendered":"Acredita TEEO violencia pol\u00edtica motivada por orientaci\u00f3n sexual en San Mart\u00edn Peras"},"content":{"rendered":"\n<p>Redacci\u00f3n\/Zona Roja.<\/p>\n\n\n\n<p>Oaxaca, Oax., a 1 de diciembre de 2025.- El Tribunal Electoral del Estado de Oaxaca (TEEO), acredit\u00f3 obstrucci\u00f3n al cargo y violencia pol\u00edtica motivada por orientaci\u00f3n sexual cometidas en contra del expresidente municipal de San Mart\u00edn Peras.\u00a0<\/p>\n\n\n\n<p>En sesi\u00f3n p\u00fablica celebrada este lunes en el sal\u00f3n del Pleno, las magistraturas resolvieron el Juicio de la Ciudadan\u00eda en el R\u00e9gimen de los Sistemas Normativos Internos, identificado con la clave: JDCI\/03\/2025, a trav\u00e9s de cual declararon fundados los agravios atribuidos a diversas ex autoridades municipales.<\/p>\n\n\n\n<p>Del estudio del proyecto destacan conductas como: bloqueos, cierre del palacio municipal, agresiones f\u00edsicas y discursos p\u00fablicos estigmatizantes con contenido homof\u00f3bico; es decir, evidencia un patr\u00f3n sistem\u00e1tico de exclusi\u00f3n institucional, simb\u00f3lica y f\u00edsica contra una persona ind\u00edgena perteneciente a una poblaci\u00f3n hist\u00f3ricamente discriminada.<\/p>\n\n\n\n<p>\u201cEl conjunto de pruebas videogr\u00e1ficas, documentales y contextuales permite concluir que no se trat\u00f3 de conflictos administrativos aislados, sino de una violencia estructural orientada a deslegitimar su mandato, reforzando estereotipos de g\u00e9nero y negando su derecho a ejercer el cargo en condiciones de igualdad\u201d, indica la resoluci\u00f3n.&nbsp;<\/p>\n\n\n\n<p>Para el desahogo de pruebas en este asunto que deriva del cumplimiento a lo ordenado por la Sala Regional Xalapa en el juicio federal SX-JDC-262\/2025, en el que se instruy\u00f3 emitir una nueva sentencia con perspectiva de orientaci\u00f3n sexual; el TEEO solicit\u00f3 el acompa\u00f1amiento de una persona int\u00e9rprete en lengua mixteca.&nbsp;<\/p>\n\n\n\n<p>Como medidas, este Tribunal orden\u00f3 a la Comisi\u00f3n Ejecutiva Estatal de Atenci\u00f3n Integral a V\u00edctimas brindar atenci\u00f3n psicol\u00f3gica, apoyo psicosocial, asesor\u00eda jur\u00eddica e inscribir a la persona actora en el Registro Estatal de V\u00edctimas; publicar el resumen institucional en espa\u00f1ol y mixteco, en formato escrito y sonoro, en los estrados del Ayuntamiento, radio comunitaria y redes sociales.&nbsp;<\/p>\n\n\n\n<p>El ayuntamiento deber\u00e1 realizar una sesi\u00f3n solemne de cabildo para reconocer la responsabilidad institucional, con lenguaje incluyente y respeto a la dignidad de la v\u00edctima; adem\u00e1s la Secretar\u00eda de las Mujeres de Oaxaca, deber\u00e1 implementar un curso comunitario sobre g\u00e9nero, diversidad sexual y prevenci\u00f3n de violencia pol\u00edtica, dirigido a autoridades municipales y ciudadan\u00eda.<\/p>\n\n\n\n<p>En esta sesi\u00f3n, fueron resueltos seis Juicios para la Protecci\u00f3n de los Derechos Pol\u00edtico Electorales de la Ciudadan\u00eda en el R\u00e9gimen de Sistemas Normativos Internos (JDCI), tres Juicios para la Protecci\u00f3n de los Derechos Pol\u00edtico Electorales del Ciudadano (JDC), y dos Procesos Especiales Sancionadores (PES).\u00a0<\/p>\n\n\n\n<p>VALIDA ELECCI\u00d3N<\/p>\n\n\n\n<p>Por otra parte, en sesi\u00f3n p\u00fablica de la semana pasada, el Tribunal Electoral del Estado de Oaxaca (TEEO), declar\u00f3 la validez de la elecci\u00f3n del municipio de San Mart\u00edn Peras, celebrada el 2 y 3 de agosto de 2025.<\/p>\n\n\n\n<p>Declar\u00f3 como fundados los agravios respecto a que la autoridad responsable falt\u00f3 al deber de juzgar con perspectiva intercultural, dejando de estudiar y analizar de manera integral los hechos y las pruebas que obran en el expediente de elecci\u00f3n; as\u00ed como, el contexto pol\u00edtico electoral, en aras de tutelar el derecho de autonom\u00eda y autodeterminaci\u00f3n que tiene la comunidad.<\/p>\n\n\n\n<p>A trav\u00e9s del juicio de la ciudadan\u00eda identificado con la clave: JDCI\/144\/ 2025, este Tribunal revoc\u00f3 el acuerdo IEEPCO-CG-SNI-40\/2025 emitido por el consejo general de ese instituto, en el que declar\u00f3 jur\u00eddicamente no v\u00e1lida la elecci\u00f3n ordinaria de concejal\u00edas de ese Ayuntamiento.<\/p>\n\n\n\n<p>Consta en las actas de las reuniones de trabajo y del escrito que exhibi\u00f3 la presidenta municipal ante la autoridad administrativa el veintid\u00f3s de julio del presente a\u00f1o, la negativa de no participar en los actos previos y emisi\u00f3n de la convocatoria.<\/p>\n\n\n\n<p>El TEEO acredit\u00f3 que, ante la ausencia de la presidenta Municipal, las autoridades tradicionales en ejercicio de sus facultades determinaron que la convocatoria \u00fanicamente la firmaran las personas que designaron como sus representantes.<\/p>\n\n\n\n<p>\u201cDejando ver en todo momento que prevaleci\u00f3 la voluntad de la asamblea general comunitaria, pues del acta se advierte que fue puesto a consideraci\u00f3n de los asamble\u00edstas los diversos conflictos que existieron, as\u00ed como la negativa de la presidenta municipal para emitir la convocatoria, quienes aprobaron por unanimidad de votos que se continuara con la elecci\u00f3n\u201d, indica el estudio del proyecto.<\/p>\n\n\n\n<p>Este \u00f3rgano jurisdiccional orden\u00f3 al Instituto Estatal Electoral y de Participaci\u00f3n Ciudadana de Oaxaca (IEEPCO), de cumplimiento con la sentencia y dej\u00f3 sin efectos todos los actos emitidos en cumplimiento a la declaraci\u00f3n de la validez de la elecci\u00f3n de integrantes del ayuntamiento del municipio de San Mart\u00edn Peras, Oaxaca; ordenada por el IEEPCO.<\/p>\n\n\n\n<p>En la sesi\u00f3n celebrada este viernes a trav\u00e9s del sistema de videoconferencia, las magistraturas resolvieron: cuatro Juicios para la Protecci\u00f3n de los Derechos Pol\u00edtico Electorales de la Ciudadan\u00eda en el R\u00e9gimen de los Sistemas Normativos Internos (JDCI). &nbsp;<\/p>\n","protected":false},"excerpt":{"rendered":"<p>Redacci\u00f3n\/Zona Roja. Oaxaca, Oax., a 1 de diciembre de 2025.- El Tribunal Electoral del Estado&hellip;<\/p>\n","protected":false},"author":2,"featured_media":74442,"comment_status":"closed","ping_status":"open","sticky":false,"template":"","format":"standard","meta":{"_lmt_disableupdate":"","_lmt_disable":"","_jetpack_memberships_contains_paid_content":false,"footnotes":""},"categories":[109,47],"tags":[1872,2235],"class_list":["post-87529","post","type-post","status-publish","format-standard","has-post-thumbnail","hentry","category-minuto-a-minuto","category-zona-gris","tag-san-martin-peras","tag-tribunal-electoral-del-estado-de-oaxaca-teeo"],"jetpack_featured_media_url":"https:\/\/zonaroja.com.mx\/wp-content\/uploads\/2024\/11\/San-Martin-Peras.jpg","jetpack_sharing_enabled":true,"_links":{"self":[{"href":"https:\/\/zonaroja.com.mx\/index.php?rest_route=\/wp\/v2\/posts\/87529","targetHints":{"allow":["GET"]}}],"collection":[{"href":"https:\/\/zonaroja.com.mx\/index.php?rest_route=\/wp\/v2\/posts"}],"about":[{"href":"https:\/\/zonaroja.com.mx\/index.php?rest_route=\/wp\/v2\/types\/post"}],"author":[{"embeddable":true,"href":"https:\/\/zonaroja.com.mx\/index.php?rest_route=\/wp\/v2\/users\/2"}],"replies":[{"embeddable":true,"href":"https:\/\/zonaroja.com.mx\/index.php?rest_route=%2Fwp%2Fv2%2Fcomments&post=87529"}],"version-history":[{"count":1,"href":"https:\/\/zonaroja.com.mx\/index.php?rest_route=\/wp\/v2\/posts\/87529\/revisions"}],"predecessor-version":[{"id":87530,"href":"https:\/\/zonaroja.com.mx\/index.php?rest_route=\/wp\/v2\/posts\/87529\/revisions\/87530"}],"wp:featuredmedia":[{"embeddable":true,"href":"https:\/\/zonaroja.com.mx\/index.php?rest_route=\/wp\/v2\/media\/74442"}],"wp:attachment":[{"href":"https:\/\/zonaroja.com.mx\/index.php?rest_route=%2Fwp%2Fv2%2Fmedia&parent=87529"}],"wp:term":[{"taxonomy":"category","embeddable":true,"href":"https:\/\/zonaroja.com.mx\/index.php?rest_route=%2Fwp%2Fv2%2Fcategories&post=87529"},{"taxonomy":"post_tag","embeddable":true,"href":"https:\/\/zonaroja.com.mx\/index.php?rest_route=%2Fwp%2Fv2%2Ftags&post=87529"}],"curies":[{"name":"wp","href":"https:\/\/api.w.org\/{rel}","templated":true}]}}