{"id":87531,"date":"2025-12-01T17:25:00","date_gmt":"2025-12-01T23:25:00","guid":{"rendered":"https:\/\/zonaroja.com.mx\/?p=87531"},"modified":"2025-12-01T16:29:25","modified_gmt":"2025-12-01T22:29:25","slug":"solo-hay-dos-denuncias-por-tamaulipecos-desaparecidos-en-oaxaca-fgeo","status":"publish","type":"post","link":"https:\/\/zonaroja.com.mx\/?p=87531","title":{"rendered":"S\u00f3lo hay dos denuncias por tamaulipecos desaparecidos en Oaxaca: FGEO"},"content":{"rendered":"\n<p>Redacci\u00f3n\/Zona Roja.<\/p>\n\n\n\n<p>Oaxaca, Oax., a 1 de diciembre de 2025.- La Fiscal\u00eda General del Estado de Oaxaca (FGEO) ampli\u00f3 las labores de investigaci\u00f3n ministerial y b\u00fasqueda de personas, luego de recibir dos denuncias sobre la No Localizaci\u00f3n de dos transportistas originarios de Tamaulipas, quienes fueron vistos por \u00faltima vez en inmediaciones del municipio de Mat\u00edas Romero, por lo que se llevan a cabo los trabajos para establecer si existe conexi\u00f3n entre ambos casos.<\/p>\n\n\n\n<p>De acuerdo con las denuncias presentadas (una en Mat\u00edas Romero y la otra directamente en la Vicefiscal\u00eda General de Atenci\u00f3n a V\u00edctimas y los Derechos Humanos), en el primero de los casos se trata de Aldher Francisco Moreno Hern\u00e1ndez, quien sali\u00f3 el 18 de noviembre de 2025, de Reynosa, en el estado de Tamaulipas, a bordo de una pipa de la empresa Transportes Nava, y tuvo el \u00faltimo contacto con su familia el 20 de noviembre de 2025, luego de reportar su llegada al Istmo de Tehuantepec.<\/p>\n\n\n\n<p>El segundo caso se trata del reporte de la no localizaci\u00f3n de Fernando Castro Morales, con quien perdieron contacto el 20 de noviembre pasado, la v\u00edctima es un transportista originario de Tamaulipas, quien viaj\u00f3 a Mat\u00edas Romero a bordo de una pipa propiedad de la empresa Orozco&amp;Orozco, de acuerdo con la denuncia realizada por las v\u00edctimas indirectas.<\/p>\n\n\n\n<p>Luego de recibir ambas denuncias por separado, las \u00e1reas especializadas de la Fiscal\u00eda de Oaxaca realizan trabajos ministeriales para establecer si existe relaci\u00f3n entre ambos, por lo que se han llevado a cabo actos de investigaci\u00f3n que consisten en trabajos de campo, as\u00ed como labores de inteligencia para establecer las rutas que siguieron ambas personas.<\/p>\n\n\n\n<p>Adem\u00e1s que giraron los oficios de colaboraci\u00f3n con el resto de las Fiscal\u00edas Estatales de las 31 entidades del pa\u00eds para contribuir a los esfuerzos para dar con el paradero con vida de las v\u00edctimas.<\/p>\n\n\n\n<p>Gracias a ello, se tiene conocimiento de los \u00faltimos puntos en donde fueron vistos en Oaxaca, adem\u00e1s que se generaron los canales interinstitucionales para establecer los planes de b\u00fasqueda con vida junto con la Comisi\u00f3n Estatal de B\u00fasqueda de Oaxaca.<\/p>\n\n\n\n<p>Asimismo, se mantienen abiertas diferentes l\u00edneas de investigaci\u00f3n para saber si estas dos denuncias estar\u00edan relacionadas con otros casos del mismo tipo reportados en esa zona de la entidad.<\/p>\n\n\n\n<p>SON CUATRO<\/p>\n\n\n\n<p>Por su parte, la Comisi\u00f3n Estatal de B\u00fasqueda de Personas Desaparecidas (CLB Oaxaca) inform\u00f3 que despliega acciones en campo en el municipio de Mat\u00edas Romero Avenda\u00f1o, en coordinaci\u00f3n con instituciones de seguridad y la Fiscal\u00eda General del Estado de Oaxaca (FGEO), para localizar a cuatro masculinos que perdieron comunicaci\u00f3n con sus familiares desde el pasado 20 de noviembre.<\/p>\n\n\n\n<p>Se trata de Aldher Francisco Moreno Hern\u00e1ndez, Andr\u00e9s Eloy Ram\u00f3n Ceja, Juan Jos\u00e9 P\u00e9rez Hern\u00e1ndez; provenientes del estado de Tamaulipas, quienes se dedican a conducir tr\u00e1ileres; y Fernando Castro Morales, residente en Mat\u00edas Romero; quienes fueron vistos por \u00faltima vez en esta municipalidad del Istmo de Tehuantepec.<\/p>\n\n\n\n<p>Representantes de la CLB Oaxaca se reunieron con las v\u00edctimas indirectas de Aldher Francisco Moreno Hern\u00e1ndez para brindar la atenci\u00f3n requerida.<\/p>\n\n\n\n<p>Con estas acciones, la Comisi\u00f3n Estatal de B\u00fasqueda de Personas Desaparecidas fortalece las capacidades operativas para actuar con inmediatez y responsabilidad, en la que se garantice el derecho de toda persona a ser buscada.<\/p>\n","protected":false},"excerpt":{"rendered":"<p>Redacci\u00f3n\/Zona Roja. Oaxaca, Oax., a 1 de diciembre de 2025.- La Fiscal\u00eda General del Estado&hellip;<\/p>\n","protected":false},"author":2,"featured_media":87534,"comment_status":"closed","ping_status":"open","sticky":false,"template":"","format":"standard","meta":{"_lmt_disableupdate":"","_lmt_disable":"","_jetpack_memberships_contains_paid_content":false,"footnotes":""},"categories":[109,46],"tags":[4556],"class_list":["post-87531","post","type-post","status-publish","format-standard","has-post-thumbnail","hentry","category-minuto-a-minuto","category-zona-blanca","tag-desaparecidos-de-tamaulipas-en-oaxaca"],"jetpack_featured_media_url":"https:\/\/zonaroja.com.mx\/wp-content\/uploads\/2025\/12\/Desaparecidos-Tamaulipas-Matias-Romero.jpg","jetpack_sharing_enabled":true,"_links":{"self":[{"href":"https:\/\/zonaroja.com.mx\/index.php?rest_route=\/wp\/v2\/posts\/87531","targetHints":{"allow":["GET"]}}],"collection":[{"href":"https:\/\/zonaroja.com.mx\/index.php?rest_route=\/wp\/v2\/posts"}],"about":[{"href":"https:\/\/zonaroja.com.mx\/index.php?rest_route=\/wp\/v2\/types\/post"}],"author":[{"embeddable":true,"href":"https:\/\/zonaroja.com.mx\/index.php?rest_route=\/wp\/v2\/users\/2"}],"replies":[{"embeddable":true,"href":"https:\/\/zonaroja.com.mx\/index.php?rest_route=%2Fwp%2Fv2%2Fcomments&post=87531"}],"version-history":[{"count":1,"href":"https:\/\/zonaroja.com.mx\/index.php?rest_route=\/wp\/v2\/posts\/87531\/revisions"}],"predecessor-version":[{"id":87535,"href":"https:\/\/zonaroja.com.mx\/index.php?rest_route=\/wp\/v2\/posts\/87531\/revisions\/87535"}],"wp:featuredmedia":[{"embeddable":true,"href":"https:\/\/zonaroja.com.mx\/index.php?rest_route=\/wp\/v2\/media\/87534"}],"wp:attachment":[{"href":"https:\/\/zonaroja.com.mx\/index.php?rest_route=%2Fwp%2Fv2%2Fmedia&parent=87531"}],"wp:term":[{"taxonomy":"category","embeddable":true,"href":"https:\/\/zonaroja.com.mx\/index.php?rest_route=%2Fwp%2Fv2%2Fcategories&post=87531"},{"taxonomy":"post_tag","embeddable":true,"href":"https:\/\/zonaroja.com.mx\/index.php?rest_route=%2Fwp%2Fv2%2Ftags&post=87531"}],"curies":[{"name":"wp","href":"https:\/\/api.w.org\/{rel}","templated":true}]}}