{"id":87536,"date":"2025-12-01T20:31:00","date_gmt":"2025-12-02T02:31:00","guid":{"rendered":"https:\/\/zonaroja.com.mx\/?p=87536"},"modified":"2025-12-01T20:31:02","modified_gmt":"2025-12-02T02:31:02","slug":"sin-solucion-problematica-en-el-issste-tras-inicio-del-paro-de-labores","status":"publish","type":"post","link":"https:\/\/zonaroja.com.mx\/?p=87536","title":{"rendered":"Sin soluci\u00f3n, problem\u00e1tica en el ISSSTE, tras inicio del paro de labores"},"content":{"rendered":"\n<p>Lisbeth Mej\u00eda Reyes\/Zona Roja.<\/p>\n\n\n\n<p>Oaxaca, Oax., a 1 de diciembre de 2025.- Trabajadores del hospital regional \u00abPresidente Ju\u00e1rez\u00bb del Instituto de Seguridad y Servicios Sociales de los Trabajadores del Estado (ISSSTE) en Oaxaca iniciaron este lunes un paro parcial e indefinido de labores ante las carencias de infraestructura, de personal y de otras necesidades de la unidad.&nbsp;<\/p>\n\n\n\n<p>La protesta implica la suspensi\u00f3n de varios servicios de consulta externa, as\u00ed como suspensi\u00f3n de actividades en el \u00e1rea de gobierno. Aunque se mantiene la atenci\u00f3n en urgencias y otras \u00e1reas, \u00abhasta donde pueden los compa\u00f1eros\u00bb. Adem\u00e1s de que solamente hay atenci\u00f3n parcial en la cocina, debido a la fuga de gas en esa \u00e1rea, seg\u00fan se\u00f1alaron sindicalizados.<\/p>\n\n\n\n<p>Esta nueva protesta ocurre a una semana de la primera inconformidad por las mismas condiciones, que incluso gener\u00f3 confrontaci\u00f3n entre el personal y reclamo de pacientes. Tras esto, la direcci\u00f3n general del ISSSTE hab\u00eda asegurado que el nosocomio opera con normalidad y que se est\u00e1n atendiendo las necesidades. Sin embargo, la versi\u00f3n oficial fue rechazada por el sindicato.<\/p>\n\n\n\n<p>Jos\u00e9 Manuel Andrade Rafael, delegado de la secci\u00f3n 25 del Sindicato Nacional de Trabajadores del ISSSTE (SNTISSSTE), explic\u00f3 este lunes que, contrario a la versi\u00f3n del instituto siguen creciendo las problem\u00e1ticas y nuevamente hubo quejas de pacientes, debido a que no est\u00e1n siendo atendidos como deber\u00eda de ser. \u00abEst\u00e1n en sillas de ruedas, algunos est\u00e1n en sillas met\u00e1licas y otros me comentan que pasaron la noche sentados en un lugar que no es adecuado\u00bb.<\/p>\n\n\n\n<p>Los pacientes, explic\u00f3, tambi\u00e9n han expresado que sigue la falta de medicamentos. Adem\u00e1s de las inconformidades por parte de pacientes oncol\u00f3gicos y los de hemodi\u00e1lisis, que tras ser referidos a hospitales particulares tuvieron que regresar, pero los turnos ya se hab\u00edan agotado.<\/p>\n\n\n\n<p>De acuerdo con el delegado, las autoridades del ISSSTE no quieren resolver los problemas y probablemente est\u00e1n esperando a que ocurra alguna cat\u00e1strofe. Asimismo, pidi\u00f3 la comprensi\u00f3n de las y los pacientes con el personal, pues aun con las carencias en insumos y medicamentos tratan de dar el mejor servicio.<\/p>\n\n\n\n<p>\u00abLos estamos atendiendo hasta donde est\u00e1n las posibilidades y el derecho de que los compa\u00f1eros puedan atenderlos. Pero hasta el momento seguimos con carencias, siguen los insultos a los compa\u00f1eros derivado de que no hay medicamentos, insumos, de que se est\u00e1n tardando en subir los pacientes a los pisos de cirug\u00eda. Todav\u00eda no nos entregan el \u00e1rea de medicina interna y eso nos ha llevado a muchas complicaciones\u00bb, apunt\u00f3.<\/p>\n\n\n\n<p>A esta protesta anteceden las m\u00faltiples quejas de derechohabientes, principalmente docentes de la Secci\u00f3n 22 del Sindicato Nacional de Trabajadores de la Educaci\u00f3n (SNTE), quienes han denunciado una atenci\u00f3n deficiente en las unidades del ISSSTE en el estado. Incluso, est\u00e1 el caso del profesor Jorge Iv\u00e1n Blas Garc\u00eda, fallecido el pasado 22 de octubre en el hospital del ISSSTE de Santo Domingo Tehuantepec, y cuyos familiares acusan presunta negligencia m\u00e9dica.<\/p>\n\n\n\n<p>En marzo de este a\u00f1o tambi\u00e9n se registr\u00f3 la protesta de empleadas de limpieza del hospital Presidente Ju\u00e1rez ante la falta de pagos pendientes desde el 16 de febrero.<\/p>\n\n\n\n<figure class=\"wp-block-embed is-type-rich is-provider-twitter wp-block-embed-twitter\"><div class=\"wp-block-embed__wrapper\">\n<div class=\"twitter-tweet\"><blockquote class=\"twitter-tweet\" data-lang=\"es\"><p lang=\"es\" dir=\"ltr\">Segunda protesta del d\u00eda en <a href=\"https:\/\/twitter.com\/hashtag\/Oaxaca?src=hash&amp;ref_src=twsrc%5Etfw\">#Oaxaca<\/a>. <br><br>Ahora es contra el presidente municipal de Santa Cruz Amilpas, Christian Baruch Castellanos, a quien acusan de no apoyar a la poblaci\u00f3n, ni en el primero ni en su segundo periodo de mandato. <a href=\"https:\/\/t.co\/sWbU0IYx9b\">pic.twitter.com\/sWbU0IYx9b<\/a><\/p>&mdash; Zona Roja Oaxaca (@ZonaRoja_Oaxaca) <a href=\"https:\/\/twitter.com\/ZonaRoja_Oaxaca\/status\/1995562966213894384?ref_src=twsrc%5Etfw\">1 de diciembre de 2025<\/a><\/blockquote><\/div>\n<\/div><\/figure>\n","protected":false},"excerpt":{"rendered":"<p>Lisbeth Mej\u00eda Reyes\/Zona Roja. Oaxaca, Oax., a 1 de diciembre de 2025.- Trabajadores del hospital&hellip;<\/p>\n","protected":false},"author":2,"featured_media":87533,"comment_status":"closed","ping_status":"open","sticky":false,"template":"","format":"standard","meta":{"_lmt_disableupdate":"","_lmt_disable":"","_jetpack_memberships_contains_paid_content":false,"footnotes":""},"categories":[109,47],"tags":[1706],"class_list":["post-87536","post","type-post","status-publish","format-standard","has-post-thumbnail","hentry","category-minuto-a-minuto","category-zona-gris","tag-hospital-presidente-juarez-del-issste"],"jetpack_featured_media_url":"https:\/\/zonaroja.com.mx\/wp-content\/uploads\/2025\/12\/Protesta-hospital-ISSSTE-Oaxaca.jpg","jetpack_sharing_enabled":true,"_links":{"self":[{"href":"https:\/\/zonaroja.com.mx\/index.php?rest_route=\/wp\/v2\/posts\/87536","targetHints":{"allow":["GET"]}}],"collection":[{"href":"https:\/\/zonaroja.com.mx\/index.php?rest_route=\/wp\/v2\/posts"}],"about":[{"href":"https:\/\/zonaroja.com.mx\/index.php?rest_route=\/wp\/v2\/types\/post"}],"author":[{"embeddable":true,"href":"https:\/\/zonaroja.com.mx\/index.php?rest_route=\/wp\/v2\/users\/2"}],"replies":[{"embeddable":true,"href":"https:\/\/zonaroja.com.mx\/index.php?rest_route=%2Fwp%2Fv2%2Fcomments&post=87536"}],"version-history":[{"count":1,"href":"https:\/\/zonaroja.com.mx\/index.php?rest_route=\/wp\/v2\/posts\/87536\/revisions"}],"predecessor-version":[{"id":87537,"href":"https:\/\/zonaroja.com.mx\/index.php?rest_route=\/wp\/v2\/posts\/87536\/revisions\/87537"}],"wp:featuredmedia":[{"embeddable":true,"href":"https:\/\/zonaroja.com.mx\/index.php?rest_route=\/wp\/v2\/media\/87533"}],"wp:attachment":[{"href":"https:\/\/zonaroja.com.mx\/index.php?rest_route=%2Fwp%2Fv2%2Fmedia&parent=87536"}],"wp:term":[{"taxonomy":"category","embeddable":true,"href":"https:\/\/zonaroja.com.mx\/index.php?rest_route=%2Fwp%2Fv2%2Fcategories&post=87536"},{"taxonomy":"post_tag","embeddable":true,"href":"https:\/\/zonaroja.com.mx\/index.php?rest_route=%2Fwp%2Fv2%2Ftags&post=87536"}],"curies":[{"name":"wp","href":"https:\/\/api.w.org\/{rel}","templated":true}]}}