{"id":87538,"date":"2025-12-01T21:14:07","date_gmt":"2025-12-02T03:14:07","guid":{"rendered":"https:\/\/zonaroja.com.mx\/?p=87538"},"modified":"2025-12-01T21:14:13","modified_gmt":"2025-12-02T03:14:13","slug":"rinde-jara-cruz-informe-de-gobierno-asegura-que-hay-resultados","status":"publish","type":"post","link":"https:\/\/zonaroja.com.mx\/?p=87538","title":{"rendered":"Rinde Jara Cruz informe de gobierno; asegura que hay resultados"},"content":{"rendered":"\n<p>Redacci\u00f3n\/Zona Roja.<\/p>\n\n\n\n<p>Oaxaca, Oax., a 1 de diciembre de 2025.- A tres a\u00f1os de haber iniciado la Primavera Oaxaque\u00f1a, los frutos de esta transformaci\u00f3n son una realidad palpable, congruentes con los principios del humanismo mexicano, que ponen el bienestar de los m\u00e1s pobres por delante, asegur\u00f3 el gobernador Salom\u00f3n Jara en un mensaje ofrecido al pueblo de Oaxaca.<\/p>\n\n\n\n<p>Frente a la sociedad, con la frente en alto, el mandatario estatal afirm\u00f3 que hay resultados sin precedente en diferentes rubros, como: salud, educaci\u00f3n, infraestructura b\u00e1sica, desarrollo econ\u00f3mico y apoyos sociales; los cuales est\u00e1n a la vista y acreditan que este gobierno avanza por la senda para ser el mejor de la historia.<\/p>\n\n\n\n<p>\u201cEn Oaxaca seguiremos caminando con paso firme hacia un futuro de esperanza y bienestar, basado en la riqueza de nuestra cultura y en la grandeza de nuestras ra\u00edces ancestrales\u201d, dijo junto a la presidenta honoraria del Sistema DIF Oaxaca, Irma Bola\u00f1os Quijano.<\/p>\n\n\n\n<p>En el Centro Cultural y de Convenciones de Oaxaca, en el cual se reunieron representantes de los tres Poderes del Estado, instituciones aut\u00f3nomas y de diferentes sectores productivos, Jara Cruz expuso que ha destinado una inversi\u00f3n hist\u00f3rica de m\u00e1s de 12 mil millones de pesos en ocho programas sociales bienestar.<\/p>\n\n\n\n<p>A esto se suman las cinco mil obras de infraestructuras que se han realizado en los 570 municipios de la entidad, lo cual confirma que esta administraci\u00f3n hace lo que nunca se hizo para impulsar el progreso de todas las regiones.<\/p>\n\n\n\n<p>Estas acciones, agreg\u00f3 el Gobernador oaxaque\u00f1o, han contado con el respaldo de la Presidenta Claudia Sheinbaum y de las comunidades originarias del estado; con quienes se construye un bienestar colectivo guiados por los valores de la Cuarta Transformaci\u00f3n que, justo, cumple 7 a\u00f1os de haber triunfado en M\u00e9xico.<\/p>\n\n\n\n<p>Ahora, en las pr\u00f3ximas semanas, las y los oaxaque\u00f1os evaluar\u00e1n los resultados de estos \u00faltimos tres a\u00f1os y emitir\u00e1n su veredicto sobre la continuidad de este proyecto, ya que, por primera vez en el pa\u00eds, someter\u00e1n a un Gobernador a una consulta de revocaci\u00f3n de mandato.<\/p>\n\n\n\n<figure class=\"wp-block-embed is-type-rich is-provider-twitter wp-block-embed-twitter\"><div class=\"wp-block-embed__wrapper\">\n<div class=\"twitter-tweet\"><blockquote class=\"twitter-tweet\" data-lang=\"es\"><p lang=\"es\" dir=\"ltr\">\u201cLos avances est\u00e1n a la vista y estamos claros que a\u00fan falta hacer mucho, que a\u00fan falta hacer m\u00e1s, por los a\u00f1os de abandono de los gobiernos neoliberales en nuestro estado y en nuestro pa\u00eds\u201d, dijo el gobernador <a href=\"https:\/\/twitter.com\/salomonj?ref_src=twsrc%5Etfw\">@salomonj<\/a> en su mensaje de III Informe.<br><br>Convoc\u00f3 a los integrantes de\u2026 <a href=\"https:\/\/t.co\/XejcDfh30A\">pic.twitter.com\/XejcDfh30A<\/a><\/p>&mdash; Zona Roja Oaxaca (@ZonaRoja_Oaxaca) <a href=\"https:\/\/twitter.com\/ZonaRoja_Oaxaca\/status\/1995574177672430015?ref_src=twsrc%5Etfw\">1 de diciembre de 2025<\/a><\/blockquote><\/div>\n<\/div><\/figure>\n\n\n\n<p>Los compromisos cumplidos hasta este 2025 son:<\/p>\n\n\n\n<p>\u00b7&nbsp;&nbsp;&nbsp;&nbsp;&nbsp;&nbsp;&nbsp;&nbsp; Es el primer Gobierno de Oaxaca en visitar y trabajar con los 570 municipios en dos ocasiones.<\/p>\n\n\n\n<p>\u00b7&nbsp;&nbsp;&nbsp;&nbsp;&nbsp;&nbsp;&nbsp;&nbsp; En 2 a\u00f1os, 280 mil personas salieron de la pobreza y 165 mil dejaron de vivir en la pobreza extrema.<\/p>\n\n\n\n<p>\u00b7&nbsp;&nbsp;&nbsp;&nbsp;&nbsp;&nbsp;&nbsp;&nbsp; Se increment\u00f3 la recaudaci\u00f3n a 6 mil 500 millones de pesos en 2025 y, sin endeudar al pueblo, se pagaron 14 mil 221 millones de pesos de la deuda heredada. Adem\u00e1s, se ordenaron las finanzas p\u00fablicas.<\/p>\n\n\n\n<p>\u00b7&nbsp;&nbsp;&nbsp;&nbsp;&nbsp;&nbsp;&nbsp;&nbsp; Se consolida en un 80% de abasto de medicamentos en 767 centros de salud y 39 hospitales de segundo y tercer nivel.<\/p>\n\n\n\n<p>\u00b7&nbsp;&nbsp;&nbsp;&nbsp;&nbsp;&nbsp;&nbsp;&nbsp; Hay 16 Farmacias Bienestar con atenci\u00f3n m\u00e9dica gratuita, con cobertura a 209 municipios de las 8 regiones.<\/p>\n\n\n\n<p>\u00b7&nbsp;&nbsp;&nbsp;&nbsp;&nbsp;&nbsp;&nbsp;&nbsp; Con el Gobierno de M\u00e9xico se construyeron cuatro nuevos hospitales y se crea la Ciudad de la Salud, una obra \u00fanica en el pa\u00eds.<\/p>\n\n\n\n<p>\u00b7&nbsp;&nbsp;&nbsp;&nbsp;&nbsp;&nbsp;&nbsp;&nbsp; Oaxaca ha sido l\u00edder en tasas de crecimiento econ\u00f3mico que han alcanzado el 13.1% en 2023, con r\u00e9cord de turismo del 20.3%.<\/p>\n\n\n\n<p>\u00b7&nbsp;&nbsp;&nbsp;&nbsp;&nbsp;&nbsp;&nbsp;&nbsp; Tambi\u00e9n hubo una inversi\u00f3n privada de 145 mil 193 millones de pesos, que contribuir\u00e1n a crear m\u00e1s de 113 mil fuentes de empleo.<\/p>\n\n\n\n<p>\u00b7&nbsp;&nbsp;&nbsp;&nbsp;&nbsp;&nbsp;&nbsp;&nbsp; El estado produce el 90.7% del ma\u00edz que consume con 770 mil toneladas.<\/p>\n\n\n\n<p>\u00b7&nbsp;&nbsp;&nbsp;&nbsp;&nbsp;&nbsp;&nbsp;&nbsp; En 3 a\u00f1os se han resuelto 43 conflictos agrarios entre comunidades.<\/p>\n\n\n\n<p>\u00b7&nbsp;&nbsp;&nbsp;&nbsp;&nbsp;&nbsp;&nbsp;&nbsp; Se instalaron 41 Centros Libres para Mujeres en coordinaci\u00f3n con la Federaci\u00f3n.<\/p>\n\n\n\n<p>\u00b7&nbsp;&nbsp;&nbsp;&nbsp;&nbsp;&nbsp;&nbsp;&nbsp; Con la creaci\u00f3n del BinniBus se brinda una movilidad eficiente y segura mediante 232 camiones nuevos y 100 autobuses que operan 13 rutas.<\/p>\n\n\n\n<p>\u00b7&nbsp;&nbsp;&nbsp;&nbsp;&nbsp;&nbsp;&nbsp;&nbsp; Se construyeron y rehabilitaron m\u00e1s de 500 caminos bienestar y 250 kil\u00f3metros de vialidades de la Zona Metropolitana de Oaxaca.<\/p>\n\n\n\n<p>\u00b7&nbsp;&nbsp;&nbsp;&nbsp;&nbsp;&nbsp;&nbsp;&nbsp; Adem\u00e1s, se edifica una nueva carretera de la Exgarita al Aeropuerto Internacional de Oaxaca.<\/p>\n\n\n\n<p>\u00b7&nbsp;&nbsp;&nbsp;&nbsp;&nbsp;&nbsp;&nbsp;&nbsp; Para sanear los r\u00edos Salado y Atoyac se construyeron cuatro plantas de tratamiento de aguas residuales y 16.8 kil\u00f3metros de colectores en ambos afluentes.<\/p>\n\n\n\n<p>\u00b7&nbsp;&nbsp;&nbsp;&nbsp;&nbsp;&nbsp;&nbsp;&nbsp; Se erigi\u00f3 el Parque Primavera Oaxaque\u00f1a \u201cCho Ndob\u00e1\u201d. Est\u00e1 en proceso la Ciudad de los Deportes y rehabilitaci\u00f3n de espacios deportivos en todas las regiones.<\/p>\n\n\n\n<p>\u00b7&nbsp;&nbsp;&nbsp;&nbsp;&nbsp;&nbsp;&nbsp;&nbsp; El Sistema DIF Oaxaca ha llegado a m\u00e1s del 90% de los municipios en apoyo a quienes m\u00e1s lo necesitan.<\/p>\n\n\n\n<p>\u00b7&nbsp;&nbsp;&nbsp;&nbsp;&nbsp;&nbsp;&nbsp;&nbsp; Con el CIRSSU y el Centro de Transferencia se soluciona de manera estructural el problema de la basura en la capital.<\/p>\n\n\n\n<p>\u00b7&nbsp;&nbsp;&nbsp;&nbsp;&nbsp;&nbsp;&nbsp;&nbsp; Con m\u00e1s de 100 obras h\u00eddricas se triplic\u00f3 el abasto de agua potable con 700 litros por segundo.<\/p>\n\n\n\n<p>\u00b7&nbsp;&nbsp;&nbsp;&nbsp;&nbsp;&nbsp;&nbsp;&nbsp; Se ampl\u00eda la oferta educativa con 900 obras de infraestructura y tres universidades nuevas.<\/p>\n\n\n\n<p>\u00b7&nbsp;&nbsp;&nbsp;&nbsp;&nbsp;&nbsp;&nbsp;&nbsp; Con la creaci\u00f3n del Instituto de las Lenguas Originarias se preserva la identidad y cultura de Oaxaca.<\/p>\n\n\n\n<p>\u00b7&nbsp;&nbsp;&nbsp;&nbsp;&nbsp;&nbsp;&nbsp;&nbsp; Se destinaron m\u00e1s de mil millones de pesos en la rehabilitaci\u00f3n y preservaci\u00f3n de espacios culturales y patrimonio hist\u00f3rico de la entidad.<\/p>\n","protected":false},"excerpt":{"rendered":"<p>Redacci\u00f3n\/Zona Roja. Oaxaca, Oax., a 1 de diciembre de 2025.- A tres a\u00f1os de haber&hellip;<\/p>\n","protected":false},"author":2,"featured_media":87532,"comment_status":"closed","ping_status":"open","sticky":false,"template":"","format":"standard","meta":{"_lmt_disableupdate":"","_lmt_disable":"","_jetpack_memberships_contains_paid_content":false,"footnotes":""},"categories":[109,46],"tags":[939],"class_list":["post-87538","post","type-post","status-publish","format-standard","has-post-thumbnail","hentry","category-minuto-a-minuto","category-zona-blanca","tag-salomon-jara-cruz"],"jetpack_featured_media_url":"https:\/\/zonaroja.com.mx\/wp-content\/uploads\/2025\/12\/Tercer-informe-Salomon-Jara.jpeg","jetpack_sharing_enabled":true,"_links":{"self":[{"href":"https:\/\/zonaroja.com.mx\/index.php?rest_route=\/wp\/v2\/posts\/87538","targetHints":{"allow":["GET"]}}],"collection":[{"href":"https:\/\/zonaroja.com.mx\/index.php?rest_route=\/wp\/v2\/posts"}],"about":[{"href":"https:\/\/zonaroja.com.mx\/index.php?rest_route=\/wp\/v2\/types\/post"}],"author":[{"embeddable":true,"href":"https:\/\/zonaroja.com.mx\/index.php?rest_route=\/wp\/v2\/users\/2"}],"replies":[{"embeddable":true,"href":"https:\/\/zonaroja.com.mx\/index.php?rest_route=%2Fwp%2Fv2%2Fcomments&post=87538"}],"version-history":[{"count":1,"href":"https:\/\/zonaroja.com.mx\/index.php?rest_route=\/wp\/v2\/posts\/87538\/revisions"}],"predecessor-version":[{"id":87539,"href":"https:\/\/zonaroja.com.mx\/index.php?rest_route=\/wp\/v2\/posts\/87538\/revisions\/87539"}],"wp:featuredmedia":[{"embeddable":true,"href":"https:\/\/zonaroja.com.mx\/index.php?rest_route=\/wp\/v2\/media\/87532"}],"wp:attachment":[{"href":"https:\/\/zonaroja.com.mx\/index.php?rest_route=%2Fwp%2Fv2%2Fmedia&parent=87538"}],"wp:term":[{"taxonomy":"category","embeddable":true,"href":"https:\/\/zonaroja.com.mx\/index.php?rest_route=%2Fwp%2Fv2%2Fcategories&post=87538"},{"taxonomy":"post_tag","embeddable":true,"href":"https:\/\/zonaroja.com.mx\/index.php?rest_route=%2Fwp%2Fv2%2Ftags&post=87538"}],"curies":[{"name":"wp","href":"https:\/\/api.w.org\/{rel}","templated":true}]}}