{"id":87540,"date":"2025-12-01T21:23:58","date_gmt":"2025-12-02T03:23:58","guid":{"rendered":"https:\/\/zonaroja.com.mx\/?p=87540"},"modified":"2025-12-01T21:24:01","modified_gmt":"2025-12-02T03:24:01","slug":"estalla-protesta-en-santa-cruz-amilpas-por-falta-deservicios-basicos-y-de-obra","status":"publish","type":"post","link":"https:\/\/zonaroja.com.mx\/?p=87540","title":{"rendered":"Estalla protesta en Santa Cruz Amilpas por falta deservicios b\u00e1sicos y de obra"},"content":{"rendered":"\n<p>Lisbeth Mej\u00eda Reyes\/Zona Roja.<\/p>\n\n\n\n<p>Oaxaca, Oax., a 1 de diciembre de 2025.- Habitantes de Santa Cruz Amilpas, municipio cercano a la ciudad de Oaxaca, se manifestaron este lunes en el palacio municipal para exigir al presidente Christian Baruch Castellanos garantizar la recolecci\u00f3n de desechos, el servicio de agua potable y la ejecuci\u00f3n de la obra p\u00fablica.<\/p>\n\n\n\n<p>Con cartulinas que pegaron en el palacio, las y los habitantes se\u00f1alaron las deficiencias que han padecido por varias semanas en los servicios y la falta de ejecuci\u00f3n de obras.<\/p>\n\n\n\n<p>Tras la manifestaci\u00f3n en el palacio, el cabildo entabl\u00f3 un di\u00e1logo con la representaci\u00f3n y habitantes de la colonia Lomas de Santa Cruz, quienes reiteraron su preocupaci\u00f3n por estos servicios.<\/p>\n\n\n\n<p>Sin embargo, el edil que est\u00e1 en su segundo periodo de gesti\u00f3n neg\u00f3 que no se estuviera ejecutando la obra p\u00fablica, aunque reconoci\u00f3 que s\u00ed han habido problemas con el suministro del agua potable en esta colonia y otras.<\/p>\n\n\n\n<p>La semana pasada, incluso se report\u00f3 a trav\u00e9s de las redes sociales del ayuntamiento que se estaba \u00abrealizando el aforo del pozo del casco de Santa Cruz Amilpas\u00bb, lo que calific\u00f3 como\u00bbun procedimiento esencial para medir la capacidad de producci\u00f3n de agua y asegurarnos de que podamos extraerla de manera sostenible\u00bb.<\/p>\n\n\n\n<p>En esa publicaci\u00f3n, tambi\u00e9n dijo que se continuar\u00e1 con la limpieza y con la instalaci\u00f3n de bomba. Esto \u00faltimo probablemente para el d\u00eda jueves de esta semana.<\/p>\n\n\n\n<p>Tras llegar a acuerdos y el compromiso de solucionar los problemas, el edil tambi\u00e9n oblig\u00f3 a los manifestantes a someterse a la revisi\u00f3n de pagos en los servicios como el del agua potable.<\/p>\n","protected":false},"excerpt":{"rendered":"<p>Lisbeth Mej\u00eda Reyes\/Zona Roja. Oaxaca, Oax., a 1 de diciembre de 2025.- Habitantes de Santa&hellip;<\/p>\n","protected":false},"author":2,"featured_media":87541,"comment_status":"closed","ping_status":"open","sticky":false,"template":"","format":"standard","meta":{"_lmt_disableupdate":"","_lmt_disable":"","_jetpack_memberships_contains_paid_content":false,"footnotes":""},"categories":[109,47],"tags":[2046],"class_list":["post-87540","post","type-post","status-publish","format-standard","has-post-thumbnail","hentry","category-minuto-a-minuto","category-zona-gris","tag-santa-cruz-amilpas"],"jetpack_featured_media_url":"https:\/\/zonaroja.com.mx\/wp-content\/uploads\/2025\/12\/Protesta-Santa-Cruz-Amilpas.jpeg","jetpack_sharing_enabled":true,"_links":{"self":[{"href":"https:\/\/zonaroja.com.mx\/index.php?rest_route=\/wp\/v2\/posts\/87540","targetHints":{"allow":["GET"]}}],"collection":[{"href":"https:\/\/zonaroja.com.mx\/index.php?rest_route=\/wp\/v2\/posts"}],"about":[{"href":"https:\/\/zonaroja.com.mx\/index.php?rest_route=\/wp\/v2\/types\/post"}],"author":[{"embeddable":true,"href":"https:\/\/zonaroja.com.mx\/index.php?rest_route=\/wp\/v2\/users\/2"}],"replies":[{"embeddable":true,"href":"https:\/\/zonaroja.com.mx\/index.php?rest_route=%2Fwp%2Fv2%2Fcomments&post=87540"}],"version-history":[{"count":1,"href":"https:\/\/zonaroja.com.mx\/index.php?rest_route=\/wp\/v2\/posts\/87540\/revisions"}],"predecessor-version":[{"id":87542,"href":"https:\/\/zonaroja.com.mx\/index.php?rest_route=\/wp\/v2\/posts\/87540\/revisions\/87542"}],"wp:featuredmedia":[{"embeddable":true,"href":"https:\/\/zonaroja.com.mx\/index.php?rest_route=\/wp\/v2\/media\/87541"}],"wp:attachment":[{"href":"https:\/\/zonaroja.com.mx\/index.php?rest_route=%2Fwp%2Fv2%2Fmedia&parent=87540"}],"wp:term":[{"taxonomy":"category","embeddable":true,"href":"https:\/\/zonaroja.com.mx\/index.php?rest_route=%2Fwp%2Fv2%2Fcategories&post=87540"},{"taxonomy":"post_tag","embeddable":true,"href":"https:\/\/zonaroja.com.mx\/index.php?rest_route=%2Fwp%2Fv2%2Ftags&post=87540"}],"curies":[{"name":"wp","href":"https:\/\/api.w.org\/{rel}","templated":true}]}}