{"id":87543,"date":"2025-12-01T21:44:22","date_gmt":"2025-12-02T03:44:22","guid":{"rendered":"https:\/\/zonaroja.com.mx\/?p=87543"},"modified":"2025-12-01T21:44:25","modified_gmt":"2025-12-02T03:44:25","slug":"investigan-doble-homicidio-en-jamiltepec-en-tehuantepec-hubo-balacera","status":"publish","type":"post","link":"https:\/\/zonaroja.com.mx\/?p=87543","title":{"rendered":"Investigan doble homicidio en Jamiltepec; en Tehuantepec hubo balacera"},"content":{"rendered":"\n<p>Raymundo Morales\/Zona Roja.<\/p>\n\n\n\n<p>Oaxaca, Oax., a 1 de diciembre de 2025.- La Fiscal\u00eda General del Estado de Oaxaca investiga dos asesinatos, ocurridos ayer domingo en el municipio coste\u00f1o de Santiago Jamiltepec, en hechos distintos.<\/p>\n\n\n\n<p>Un caso ocurri\u00f3 en la calle Independencia de la cabecera municipal, donde fue localizado un cuerpo sin vida, con varias lesiones producidas al parecer por arma blanca.<\/p>\n\n\n\n<p>La v\u00edctima fue identificada de manera preliminar como Ladislao Z. R., de aproximadamente 34 a\u00f1os de edad, y a\u00fan se desconocen las causas del homicidio.<\/p>\n\n\n\n<p>El segundo caso ocurri\u00f3 en la localidad de Coyuche, Jamiltepec, donde ultimaron con disparos de arma de fuego a un individuo de quien sus familiares dijeron se llam\u00f3 Octavio M. I., de unos 45 a\u00f1os de edad.<\/p>\n\n\n\n<p>Presentaba m\u00faltiples lesiones, tanto en el abdomen como en el cuello, por lo cual perdi\u00f3 la vida al instante; el o los agresores lograron escapar y hasta el momento no hay personas detenidas.<\/p>\n\n\n\n<p>Mientras tanto en Santo Domingo Tehuantepec, un presunto intento de asalto termin\u00f3 con al menos dos personas lesionadas de bala, en el camell\u00f3n de la carretera federal, a unos pasos del palacio municipal.<\/p>\n\n\n\n<p>Seg\u00fan las primeras versiones, dos sujetos a bordo de una motocicleta intentaron atracar a una persona que se encontraba en su unidad de motor en dicha zona; sin embargo, \u00e9sta respondi\u00f3 y sac\u00f3 una pistola con la cual hiri\u00f3 a los presuntos maleantes.<\/p>\n\n\n\n<p>Personal de la Cruz Roja Mexicana atendi\u00f3 a las dos personas lesionadas y las traslad\u00f3 al hospital, mientras que personal policiaco acordon\u00f3 la zona; integrantes de la Vicefiscal\u00eda Regional del Istmo indagan el caso para esclarecer los hechos.<\/p>\n","protected":false},"excerpt":{"rendered":"<p>Raymundo Morales\/Zona Roja. Oaxaca, Oax., a 1 de diciembre de 2025.- La Fiscal\u00eda General del&hellip;<\/p>\n","protected":false},"author":2,"featured_media":87544,"comment_status":"closed","ping_status":"open","sticky":false,"template":"","format":"standard","meta":{"_lmt_disableupdate":"","_lmt_disable":"","_jetpack_memberships_contains_paid_content":false,"footnotes":""},"categories":[109,51],"tags":[797],"class_list":["post-87543","post","type-post","status-publish","format-standard","has-post-thumbnail","hentry","category-minuto-a-minuto","category-zona-roja","tag-santiago-jamiltepec"],"jetpack_featured_media_url":"https:\/\/zonaroja.com.mx\/wp-content\/uploads\/2025\/12\/Presuntos-asaltantes-baleados-en-Tehuantepec.jpg","jetpack_sharing_enabled":true,"_links":{"self":[{"href":"https:\/\/zonaroja.com.mx\/index.php?rest_route=\/wp\/v2\/posts\/87543","targetHints":{"allow":["GET"]}}],"collection":[{"href":"https:\/\/zonaroja.com.mx\/index.php?rest_route=\/wp\/v2\/posts"}],"about":[{"href":"https:\/\/zonaroja.com.mx\/index.php?rest_route=\/wp\/v2\/types\/post"}],"author":[{"embeddable":true,"href":"https:\/\/zonaroja.com.mx\/index.php?rest_route=\/wp\/v2\/users\/2"}],"replies":[{"embeddable":true,"href":"https:\/\/zonaroja.com.mx\/index.php?rest_route=%2Fwp%2Fv2%2Fcomments&post=87543"}],"version-history":[{"count":1,"href":"https:\/\/zonaroja.com.mx\/index.php?rest_route=\/wp\/v2\/posts\/87543\/revisions"}],"predecessor-version":[{"id":87545,"href":"https:\/\/zonaroja.com.mx\/index.php?rest_route=\/wp\/v2\/posts\/87543\/revisions\/87545"}],"wp:featuredmedia":[{"embeddable":true,"href":"https:\/\/zonaroja.com.mx\/index.php?rest_route=\/wp\/v2\/media\/87544"}],"wp:attachment":[{"href":"https:\/\/zonaroja.com.mx\/index.php?rest_route=%2Fwp%2Fv2%2Fmedia&parent=87543"}],"wp:term":[{"taxonomy":"category","embeddable":true,"href":"https:\/\/zonaroja.com.mx\/index.php?rest_route=%2Fwp%2Fv2%2Fcategories&post=87543"},{"taxonomy":"post_tag","embeddable":true,"href":"https:\/\/zonaroja.com.mx\/index.php?rest_route=%2Fwp%2Fv2%2Ftags&post=87543"}],"curies":[{"name":"wp","href":"https:\/\/api.w.org\/{rel}","templated":true}]}}