{"id":87549,"date":"2025-12-02T08:15:00","date_gmt":"2025-12-02T14:15:00","guid":{"rendered":"https:\/\/zonaroja.com.mx\/?p=87549"},"modified":"2025-12-02T06:56:29","modified_gmt":"2025-12-02T12:56:29","slug":"rechaza-dirigente-de-la-cnc-oaxaca-acusaciones-en-su-contra","status":"publish","type":"post","link":"https:\/\/zonaroja.com.mx\/?p=87549","title":{"rendered":"Rechaza dirigente de la CNC Oaxaca acusaciones en su contra"},"content":{"rendered":"\n<p>Raymundo Morales\/Zona Roja.<\/p>\n\n\n\n<p>Oaxaca, Oax., a 2 de diciembre de 2025.- El dirigente en Oaxaca de la Confederaci\u00f3n Nacional Campesina (CNC), Amando Demetrio Boh\u00f3rquez Reyes, rechazo los se\u00f1alamientos en su contra sobre presunto acoso y abuso hacia algunas personas.<\/p>\n\n\n\n<p>\u201cNo le he hecho mal a nadie; pueden revisar toda mi vida, he trabajado en beneficio de mi pueblo. Me da pena, porque hoy que sale a nivel nacional (la noticia), el que lo subi\u00f3 debe tener los fundamentos.<\/p>\n\n\n\n<p>\u201cHe tenido una buena reputaci\u00f3n, he trabajado, he luchado por mi pueblo (Miahuatl\u00e1n de Porfirio D\u00edaz)\u2026 Si quieren la CNC, ah\u00ed est\u00e1 la verdad; yo no estoy aferrado\u201d, dijo en conferencia de prensa.<\/p>\n\n\n\n<p>Y es que la semana pasada circul\u00f3 una carta en que supuestos trabajadores y colaboradores solicitan al gobernador Salom\u00f3n Jara Cruz, a la Fiscal\u00eda General del Estado de Oaxaca, as\u00ed como a la opini\u00f3n p\u00fablica y medios de comunicaci\u00f3n, los miembros de esta organizaci\u00f3n vinculada al PRI la intervenci\u00f3n para que se investiguen los hechos y se garantice el acceso a la justicia para las v\u00edctimas.<\/p>\n\n\n\n<p>En el documento de fecha 27 de noviembre, supuestos secretarios, militantes y simpatizantes de la CNC Oaxaca detallaron algunos de los hechos presuntamente cometidos por Boh\u00f3rquez Reyes y de los cuales incluso hay denuncias penales.<\/p>\n\n\n\n<p>Entre ellos \u00abla presunta agresi\u00f3n sexual cometida por el dirigente estatal\u00bb en contra de \u00abuna compa\u00f1era secretaria representante del Comit\u00e9 Directivo Estatal de la CNC, situaci\u00f3n que ya fue denunciada formalmente ante la Fiscal\u00eda General del Estado de Oaxaca\u00bb.<\/p>\n\n\n\n<p>Asimismo, \u00abel despido injustificado de la trabajadora Socorro L\u00f3pez Antonio, mujer ind\u00edgena y madre soltera, ocurrido en el mes de marzo\u201d.<\/p>\n\n\n\n<p>Ayer, acompa\u00f1ado de la dirigencia de dicho organismo campesino del PRI, Amando Demetrio Boh\u00f3rquez expuso que desconoce de d\u00f3nde habr\u00edan surgido las acusaciones sin fundamento, a partir de un documento supuestamente signado por miembros de dicho organismo.<\/p>\n\n\n\n<p>\u201cLo que quiero es que se limpie mi imagen, porque todos tenemos familia, hijos y la verdad es que se est\u00e1 manchando la imagen de uno, cuando no es cierto; si fuera cierto, tendr\u00eda que haber una denuncia, una investigaci\u00f3n, pero no hay nada; estoy limpio, aqu\u00ed doy la cara\u201d, expuso el dirigente de la CNC.<\/p>\n\n\n\n<p>Remarc\u00f3 que si alguien quiere su puesto en dicho organismo campesino, est\u00e1 dispuesto a dejarlo, pero no a trav\u00e9s de ese tipo de denuncias sin fundamento.<\/p>\n\n\n\n<p>Inform\u00f3 a los medios de comunicaci\u00f3n que ya solicit\u00f3 a la Fiscal\u00eda General del Estado informaci\u00f3n si hay alguna denuncia en su contra y hasta el momento no hay ninguna carpeta de investigaci\u00f3n.<\/p>\n\n\n\n<p>\u201cEst\u00e1n aqu\u00ed mis compa\u00f1eras y compa\u00f1eros que han sido nombrados (en la carta) para que vean que no es cierto lo que est\u00e1n diciendo; nombra a personas que ni existen. Aqu\u00ed estamos y vamos a seguir trabajando y vamos a seguir dando la cara\u201d, agreg\u00f3.<\/p>\n\n\n\n<figure class=\"wp-block-embed is-type-rich is-provider-twitter wp-block-embed-twitter\"><div class=\"wp-block-embed__wrapper\">\n<div class=\"twitter-tweet\"><blockquote class=\"twitter-tweet\" data-lang=\"es\"><p lang=\"es\" dir=\"ltr\"><a href=\"https:\/\/twitter.com\/hashtag\/ENVIVO?src=hash&amp;ref_src=twsrc%5Etfw\">#ENVIVO<\/a><br>Oaxaca.- Conferencia de prensa de Amando Demetrio Boh\u00f3rquez, dirigente de la CNC, para precisar acerca de los se\u00f1alamientos sobre presuntos actos de acoso. <a href=\"https:\/\/t.co\/O8CaNFX9vf\">https:\/\/t.co\/O8CaNFX9vf<\/a><\/p>&mdash; Zona Roja Oaxaca (@ZonaRoja_Oaxaca) <a href=\"https:\/\/twitter.com\/ZonaRoja_Oaxaca\/status\/1995575747482976578?ref_src=twsrc%5Etfw\">1 de diciembre de 2025<\/a><\/blockquote><\/div>\n<\/div><\/figure>\n","protected":false},"excerpt":{"rendered":"<p>Raymundo Morales\/Zona Roja. Oaxaca, Oax., a 2 de diciembre de 2025.- El dirigente en Oaxaca&hellip;<\/p>\n","protected":false},"author":2,"featured_media":87550,"comment_status":"closed","ping_status":"open","sticky":false,"template":"","format":"standard","meta":{"_lmt_disableupdate":"","_lmt_disable":"","_jetpack_memberships_contains_paid_content":false,"footnotes":""},"categories":[109,47],"tags":[4559],"class_list":["post-87549","post","type-post","status-publish","format-standard","has-post-thumbnail","hentry","category-minuto-a-minuto","category-zona-gris","tag-amando-demetrio-bohorquez-reyes"],"jetpack_featured_media_url":"https:\/\/zonaroja.com.mx\/wp-content\/uploads\/2025\/12\/Amando-Demetrio-Bohorquez-CNC.jpg","jetpack_sharing_enabled":true,"_links":{"self":[{"href":"https:\/\/zonaroja.com.mx\/index.php?rest_route=\/wp\/v2\/posts\/87549","targetHints":{"allow":["GET"]}}],"collection":[{"href":"https:\/\/zonaroja.com.mx\/index.php?rest_route=\/wp\/v2\/posts"}],"about":[{"href":"https:\/\/zonaroja.com.mx\/index.php?rest_route=\/wp\/v2\/types\/post"}],"author":[{"embeddable":true,"href":"https:\/\/zonaroja.com.mx\/index.php?rest_route=\/wp\/v2\/users\/2"}],"replies":[{"embeddable":true,"href":"https:\/\/zonaroja.com.mx\/index.php?rest_route=%2Fwp%2Fv2%2Fcomments&post=87549"}],"version-history":[{"count":1,"href":"https:\/\/zonaroja.com.mx\/index.php?rest_route=\/wp\/v2\/posts\/87549\/revisions"}],"predecessor-version":[{"id":87551,"href":"https:\/\/zonaroja.com.mx\/index.php?rest_route=\/wp\/v2\/posts\/87549\/revisions\/87551"}],"wp:featuredmedia":[{"embeddable":true,"href":"https:\/\/zonaroja.com.mx\/index.php?rest_route=\/wp\/v2\/media\/87550"}],"wp:attachment":[{"href":"https:\/\/zonaroja.com.mx\/index.php?rest_route=%2Fwp%2Fv2%2Fmedia&parent=87549"}],"wp:term":[{"taxonomy":"category","embeddable":true,"href":"https:\/\/zonaroja.com.mx\/index.php?rest_route=%2Fwp%2Fv2%2Fcategories&post=87549"},{"taxonomy":"post_tag","embeddable":true,"href":"https:\/\/zonaroja.com.mx\/index.php?rest_route=%2Fwp%2Fv2%2Ftags&post=87549"}],"curies":[{"name":"wp","href":"https:\/\/api.w.org\/{rel}","templated":true}]}}