{"id":87552,"date":"2025-12-02T09:15:00","date_gmt":"2025-12-02T15:15:00","guid":{"rendered":"https:\/\/zonaroja.com.mx\/?p=87552"},"modified":"2025-12-02T07:08:45","modified_gmt":"2025-12-02T13:08:45","slug":"agencia-mentora-expone-en-oaxaca-panorama-de-la-ia-en-la-educacion","status":"publish","type":"post","link":"https:\/\/zonaroja.com.mx\/?p=87552","title":{"rendered":"Agencia Mentora expone en Oaxaca panorama de la IA en la educaci\u00f3n"},"content":{"rendered":"\n<p>Redacci\u00f3n\/Zona Roja.<\/p>\n\n\n\n<p>Oaxaca, Oax., a 2 de diciembre de 2025.- En el marco del Segundo Coloquio Anual \u201cBuenas pr\u00e1cticas y Avances de la Pol\u00edtica para la Igualdad Sustantiva en el Sistema Educativo Estatal\u201d, la Agencia Mentora expuso el estudio titulado \u201cEl panorama de la Inteligencia Artificial en la educaci\u00f3n: Una perspectiva desde las docentes de Oaxaca\u201d.<\/p>\n\n\n\n<p>El estudio elaborado por Diego \u00c1ngeles P\u00e9rez, David Jorge Cruz C\u00f3rdova y Ana Patricia Torres P\u00e9rez, resalta que existe una marcada tendencia en nuestra comunidad docente hacia el uso de la tecnolog\u00eda como apoyo a los procesos educativos.&nbsp;<\/p>\n\n\n\n<p>De ah\u00ed que la consciencia e inter\u00e9s en el potencial y posibilidad que las herramientas de Inteligencia Artificial ofrecen a la educaci\u00f3n sean elevadas pues m\u00e1s del 85% de las docentes muestran percepciones favorables respecto al potencial de la IA en educaci\u00f3n.<\/p>\n\n\n\n<p>Sin embargo, uno de cada tres no se siente preparada para incorporarla de forma responsable en su ense\u00f1anza. Lo cual revela inter\u00e9s alto, pero falta de capacitaci\u00f3n y seguridad para su uso \u00e9tico y eficiente.<\/p>\n\n\n\n<p>En su exposici\u00f3n, Torres P\u00e9rez resalt\u00f3 que los docentes perciben importantes beneficios pero tambi\u00e9n riesgos significativos, principalmente en el uso por parte de las y los estudiantes, relacionados con los procesos cognitivos y las habilidades acad\u00e9micas.&nbsp;<\/p>\n\n\n\n<p>Aunque ven beneficios, uno de cada cuatro profesoras teme que la Inteligencia Artificial pueda sustituir parte de su funci\u00f3n docente en el corto plazo.<\/p>\n\n\n\n<p>Explic\u00f3 que si bien es una tendencia relativamente nueva, hasta el momento las docentes no perciben una mayor actitud proactiva por parte de las instituciones en donde colaboran para brindarles el apoyo y orientaci\u00f3n en la incorporaci\u00f3n del uso de estas herramientas en su ejercicio docente.<\/p>\n\n\n\n<p>Por ello existe un \u00e1rea de oportunidad para la pol\u00edtica p\u00fablica educativa y los planes estrat\u00e9gicos de las instituciones educativas para potenciar las capacidades de sus docentes, mediante la incorporaci\u00f3n y uso \u00e9tico de la inteligencia artificial en la labor educativa.<\/p>\n\n\n\n<p>Mentora es una agencia integral especializada en investigaci\u00f3n estrat\u00e9gica, inteligencia de negocios, marketing digital y capacitaci\u00f3n empresarial. Su prop\u00f3sito es impulsar empresas, emprendedoras e instituciones a tomar decisiones informadas, crecer de forma sostenible y desarrollar habilidades clave para competir en un entorno cambiante.&nbsp;<\/p>\n\n\n\n<p>Durante el evento se suscribi\u00f3 un Convenio de Colaboraci\u00f3n entre la Secretar\u00eda de Educaci\u00f3n P\u00fablica de Oaxaca con la URSE, que permitir\u00e1 dar continuidad a este encuentro acad\u00e9mico en los pr\u00f3ximos tres a\u00f1os.<\/p>\n","protected":false},"excerpt":{"rendered":"<p>Redacci\u00f3n\/Zona Roja. Oaxaca, Oax., a 2 de diciembre de 2025.- En el marco del Segundo&hellip;<\/p>\n","protected":false},"author":2,"featured_media":87554,"comment_status":"closed","ping_status":"open","sticky":false,"template":"","format":"standard","meta":{"_lmt_disableupdate":"","_lmt_disable":"","_jetpack_memberships_contains_paid_content":false,"footnotes":""},"categories":[109,46],"tags":[4560,4561],"class_list":["post-87552","post","type-post","status-publish","format-standard","has-post-thumbnail","hentry","category-minuto-a-minuto","category-zona-blanca","tag-agencia-mentora","tag-ana-patricia-torres-perez"],"jetpack_featured_media_url":"https:\/\/zonaroja.com.mx\/wp-content\/uploads\/2025\/12\/Agencia-Mentora-en-Oaxaca.jpg","jetpack_sharing_enabled":true,"_links":{"self":[{"href":"https:\/\/zonaroja.com.mx\/index.php?rest_route=\/wp\/v2\/posts\/87552","targetHints":{"allow":["GET"]}}],"collection":[{"href":"https:\/\/zonaroja.com.mx\/index.php?rest_route=\/wp\/v2\/posts"}],"about":[{"href":"https:\/\/zonaroja.com.mx\/index.php?rest_route=\/wp\/v2\/types\/post"}],"author":[{"embeddable":true,"href":"https:\/\/zonaroja.com.mx\/index.php?rest_route=\/wp\/v2\/users\/2"}],"replies":[{"embeddable":true,"href":"https:\/\/zonaroja.com.mx\/index.php?rest_route=%2Fwp%2Fv2%2Fcomments&post=87552"}],"version-history":[{"count":1,"href":"https:\/\/zonaroja.com.mx\/index.php?rest_route=\/wp\/v2\/posts\/87552\/revisions"}],"predecessor-version":[{"id":87555,"href":"https:\/\/zonaroja.com.mx\/index.php?rest_route=\/wp\/v2\/posts\/87552\/revisions\/87555"}],"wp:featuredmedia":[{"embeddable":true,"href":"https:\/\/zonaroja.com.mx\/index.php?rest_route=\/wp\/v2\/media\/87554"}],"wp:attachment":[{"href":"https:\/\/zonaroja.com.mx\/index.php?rest_route=%2Fwp%2Fv2%2Fmedia&parent=87552"}],"wp:term":[{"taxonomy":"category","embeddable":true,"href":"https:\/\/zonaroja.com.mx\/index.php?rest_route=%2Fwp%2Fv2%2Fcategories&post=87552"},{"taxonomy":"post_tag","embeddable":true,"href":"https:\/\/zonaroja.com.mx\/index.php?rest_route=%2Fwp%2Fv2%2Ftags&post=87552"}],"curies":[{"name":"wp","href":"https:\/\/api.w.org\/{rel}","templated":true}]}}