{"id":87556,"date":"2025-12-02T10:13:00","date_gmt":"2025-12-02T16:13:00","guid":{"rendered":"https:\/\/zonaroja.com.mx\/?p=87556"},"modified":"2025-12-02T07:15:16","modified_gmt":"2025-12-02T13:15:16","slug":"premian-a-banda-femenil-kaux-e-ita-andehui-rojas-en-concurso-musical-de-yamaha","status":"publish","type":"post","link":"https:\/\/zonaroja.com.mx\/?p=87556","title":{"rendered":"Premian a Banda Femenil \u201cKa\u2019ux\u00bb e Ita Andehui Rojas en concurso musical de Yamaha"},"content":{"rendered":"\n<p>Lisbeth Mej\u00eda Reyes\/Zona Roja.<\/p>\n\n\n\n<p>Oaxaca, Oax., a 2 de diciembre de 2025.- La saxofonista oaxaque\u00f1a Ita Andehui Rojas Canseco y la Banda Femenil \u201cKa\u2019ux\u00bb fueron reconocidas este domingo en el concurso Ensambles Mujeres de Viento, organizado por la Secretar\u00eda de las Culturas y Artes (Seculta) de Oaxaca y la empresa Yamaha M\u00e9xico.&nbsp;<\/p>\n\n\n\n<p>La agrupacion \u201cKa\u2019ux\u00bb, que dirige Concepci\u00f3n Hern\u00e1ndez Guti\u00e9rrez, obtuvo el primer lugar del concurso cuya fase final fue en el teatro \u201cMacedonio Alcal\u00e1\u201d de la ciudad de Oaxaca.&nbsp;<\/p>\n\n\n\n<p>Por su parte, Ita Andehui, quien estudia en la Universidad Aut\u00f3noma de Zacatecas, fue reconocida por su sobresaliente ejecuci\u00f3n y recibi\u00f3 un saxof\u00f3n Yamaha.<\/p>\n\n\n\n<p>\u00abEn este concurso participamos junto a colegas incre\u00edbles, m\u00fasicas que se dedican a esto profesionalmente y a quienes admiramos profundamente. Pararnos en el escenario del Teatro \u2018Macedonio Alcal\u00e1\u2019, darlo todo y recibir este reconocimiento frente a tanto talento, es un sue\u00f1o hecho realidad\u00bb, expres\u00f3 la banda en sus redes sociales.<\/p>\n\n\n\n<p>Este concurso, dijo, n es solo un trofeo sino \u00abla prueba de que la pasi\u00f3n, los ensayos interminables y el amor por la m\u00fasica rinden frutos, sin importar qu\u00e9 tan dif\u00edcil parezca el camino\u00bb.<\/p>\n\n\n\n<p>La banda surgi\u00f3 en el a\u00f1o 2006 en Tlahuitoltepec, en la zona Mixe de Oaxaca, donde se integr\u00f3 inicialmente como banda filarm\u00f3nica municipal. M\u00e1s tarde, en el a\u00f1o 2009, se independiz\u00f3 y desde el 2014 tiene su nombre actual.<\/p>\n\n\n\n<p>En el segundo lugar del certamen dirigido a ensambles de mujeres, se premi\u00f3 a la banda \u201cP\u00e9talos de Cempas\u00fachil\u201d; y en el tercero fue para la agrupaci\u00f3n \u201cMonta\u00f1as de Nubes\u201d.&nbsp;<\/p>\n\n\n\n<p>De acuerdo con la Secretar\u00eda de las Culturas y Artes, cada ensamble interpret\u00f3 \u00abLa princesa seis mono\u00bb (estreno mundial de la compositora oaxaque\u00f1a Dora Vera), \u00abPeque\u00f1a Czarda\u00bb y \u00abAires Zapotecos\u00bb.<\/p>\n\n\n\n<p>A ra\u00edz de la convocatoria, se postularon m\u00e1s de 100 m\u00fasicas de distintas regiones, a trav\u00e9s de agrupaciones como \u201cYasjha\u201d, \u201cResplandor Zaachile\u00f1o\u201d, \u201cMujer Oaxaque\u00f1a\u201d y \u201cLa Yalaltequita\u201d.<\/p>\n\n\n\n<p>Sin embargo, las tres finalistas que compitieron este domingo por el primer lugar fueron: \u201cP\u00e9talos de Dempas\u00fachil\u201d, \u201cMonta\u00f1as de nubes\u201d y Banda Femenil \u201cKa\u2019ux\u00bb.<\/p>\n","protected":false},"excerpt":{"rendered":"<p>Lisbeth Mej\u00eda Reyes\/Zona Roja. Oaxaca, Oax., a 2 de diciembre de 2025.- La saxofonista oaxaque\u00f1a&hellip;<\/p>\n","protected":false},"author":2,"featured_media":87553,"comment_status":"closed","ping_status":"open","sticky":false,"template":"","format":"standard","meta":{"_lmt_disableupdate":"","_lmt_disable":"","_jetpack_memberships_contains_paid_content":false,"footnotes":""},"categories":[109,46],"tags":[4562,3368],"class_list":["post-87556","post","type-post","status-publish","format-standard","has-post-thumbnail","hentry","category-minuto-a-minuto","category-zona-blanca","tag-banda-femenil-kaux","tag-secretaria-de-las-culturas-seculta"],"jetpack_featured_media_url":"https:\/\/zonaroja.com.mx\/wp-content\/uploads\/2025\/12\/Banda-Kaux-Mixe-certamen-Yamaha.jpeg","jetpack_sharing_enabled":true,"_links":{"self":[{"href":"https:\/\/zonaroja.com.mx\/index.php?rest_route=\/wp\/v2\/posts\/87556","targetHints":{"allow":["GET"]}}],"collection":[{"href":"https:\/\/zonaroja.com.mx\/index.php?rest_route=\/wp\/v2\/posts"}],"about":[{"href":"https:\/\/zonaroja.com.mx\/index.php?rest_route=\/wp\/v2\/types\/post"}],"author":[{"embeddable":true,"href":"https:\/\/zonaroja.com.mx\/index.php?rest_route=\/wp\/v2\/users\/2"}],"replies":[{"embeddable":true,"href":"https:\/\/zonaroja.com.mx\/index.php?rest_route=%2Fwp%2Fv2%2Fcomments&post=87556"}],"version-history":[{"count":1,"href":"https:\/\/zonaroja.com.mx\/index.php?rest_route=\/wp\/v2\/posts\/87556\/revisions"}],"predecessor-version":[{"id":87557,"href":"https:\/\/zonaroja.com.mx\/index.php?rest_route=\/wp\/v2\/posts\/87556\/revisions\/87557"}],"wp:featuredmedia":[{"embeddable":true,"href":"https:\/\/zonaroja.com.mx\/index.php?rest_route=\/wp\/v2\/media\/87553"}],"wp:attachment":[{"href":"https:\/\/zonaroja.com.mx\/index.php?rest_route=%2Fwp%2Fv2%2Fmedia&parent=87556"}],"wp:term":[{"taxonomy":"category","embeddable":true,"href":"https:\/\/zonaroja.com.mx\/index.php?rest_route=%2Fwp%2Fv2%2Fcategories&post=87556"},{"taxonomy":"post_tag","embeddable":true,"href":"https:\/\/zonaroja.com.mx\/index.php?rest_route=%2Fwp%2Fv2%2Ftags&post=87556"}],"curies":[{"name":"wp","href":"https:\/\/api.w.org\/{rel}","templated":true}]}}