{"id":87558,"date":"2025-12-02T11:15:00","date_gmt":"2025-12-02T17:15:00","guid":{"rendered":"https:\/\/zonaroja.com.mx\/?p=87558"},"modified":"2025-12-02T07:19:34","modified_gmt":"2025-12-02T13:19:34","slug":"hijo-de-el-chapo-revela-como-fue-el-secuestro-del-mayo-zambada","status":"publish","type":"post","link":"https:\/\/zonaroja.com.mx\/?p=87558","title":{"rendered":"Hijo de \u2018El Chapo\u2019 revela c\u00f3mo fue el secuestro del \u2018Mayo\u2019 Zambada"},"content":{"rendered":"\n<p>Redacci\u00f3n\/Zona Roja Cdmx.<\/p>\n\n\n\n<p>(Informaci\u00f3n de \u201cEl Financiero\u201d)<\/p>\n\n\n\n<p>Ciudad de M\u00e9xico, a 2 de diciembre de 2025.- Joaqu\u00edn Guzm\u00e1n L\u00f3pez, el hijo de \u2018El Chapo\u2019 Guzm\u00e1n que se declar\u00f3 culpable ante autoridades de Estados Unidos, s\u00ed plane\u00f3 y particip\u00f3 en el secuestro del \u2018Mayo\u2019, que culmin\u00f3 con la detenci\u00f3n de Ismael Zambada en EU en julio del a\u00f1o pasado.<\/p>\n\n\n\n<p>As\u00ed lo afirm\u00f3 el hijo de \u2018El Chapo\u2019 Guzm\u00e1n en su declaraci\u00f3n durante la audiencia de este 1 de diciembre en Chicago. La versi\u00f3n de Guzm\u00e1n L\u00f3pez coincide con la que informaron las autoridades de EU a M\u00e9xico desde que se dio a conocer el arresto del \u2018Mayo\u2019 Zambada, en lo que se catalog\u00f3 como una \u2018traici\u00f3n\u2019.<\/p>\n\n\n\n<p>Durante la audiencia de este lunes, Joaqu\u00edn Guzm\u00e1n L\u00f3pez reconoci\u00f3 ser culpable de cargos de narcotr\u00e1fico y crimen organizado.<\/p>\n\n\n\n<p>A lo largo de su declaraci\u00f3n, Joaqu\u00edn Guzm\u00e1n L\u00f3pez, conocido como \u2018El G\u00fcero\u2019, y quien libr\u00f3 la pena de muerte, dio detalles sobre el secuestro de Ismael Zambada y c\u00f3mo fue entregado a Estados Unidos.<\/p>\n\n\n\n<p>AS\u00cd FUE<\/p>\n\n\n\n<p>La declaraci\u00f3n de Joaqu\u00edn Guzm\u00e1n L\u00f3pez de este 1 de diciembre indica que, antes del 25 de julio del a\u00f1o pasado, se comunic\u00f3 con \u2018El Mayo\u2019 Zambada, a quien se refieren como \u2018individuo A\u2019, para convocarlo a una reuni\u00f3n.<\/p>\n\n\n\n<p>Para convencer al \u2018Mayo\u2019 de ir al encuentro el 25 de julio en Sinaloa, Guzm\u00e1n L\u00f3pez le comunic\u00f3 que el objetivo de la reuni\u00f3n era \u201cresolver un desacuerdo\u201d en el que tambi\u00e9n estaban involucradas otras personas.<\/p>\n\n\n\n<p>Cuando lleg\u00f3 \u2018El Mayo\u2019, Joaqu\u00edn Guzm\u00e1n L\u00f3pez ya estaba en la reuni\u00f3n, y le pidi\u00f3 hablar en privado dentro de una habitaci\u00f3n en el rancho en el que se encontraban.<\/p>\n\n\n\n<p>Zambada accedi\u00f3; sin embargo, desconoc\u00eda que Joaqu\u00edn Guzm\u00e1n L\u00f3pez le quit\u00f3 el vidrio a la ventana de la habitaci\u00f3n, ni se imaginaba que, una vez que estuvieran solos, el hijo de \u2018El Chapo\u2019 cerrar\u00eda la puerta con llave.<\/p>\n\n\n\n<p>Sujetos que trabajaban para \u00abLos Chapitos\u00bb entraron por la ventana y esposaron al \u2018Mayo\u2019 y le pusieron una bolsa en la cabeza.<\/p>\n\n\n\n<p>Una vez que aseguraron al \u2018Mayo\u2019 Zambada, comenz\u00f3 la operaci\u00f3n para entregarlo a las autoridades estadounidenses. Por lo que los hombres armados lo bajaron por la ventana y lo subieron a una camioneta, misma en la que manejaron unos 15 minutos para llegar a una pista de aterrizaje.<\/p>\n\n\n\n<p>Dentro de la avioneta, que parti\u00f3 de Culiac\u00e1n, Sinaloa, a Nuevo M\u00e9xico, Estados Unidos, \u2018El Mayo\u2019 Zambada, fundador del C\u00e1rtel de Sinaloa, iba amarrado de su asiento, y Joaqu\u00edn Guzm\u00e1n L\u00f3pez le dio una bebida con sedantes, algunos de los cuales bebi\u00f3 \u00e9l mismo y otros se los dio.<\/p>\n\n\n\n<p>Finalmente, Zambada y Guzm\u00e1n L\u00f3pez llegaron a Nuevo M\u00e9xico, donde los recibieron las autoridades para detenerlos.<\/p>\n\n\n\n<p>EL OBJETIVO<\/p>\n\n\n\n<p>La audiencia revel\u00f3 que el objetivo de Guzm\u00e1n L\u00f3pez al \u2018entregar\u2019 al \u2018Mayo\u2019 era, entre otras cosas, \u201crecibir un cr\u00e9dito de cooperaci\u00f3n de Estados Unidos\u201d.<\/p>\n\n\n\n<p>Sin embargo, \u2018El G\u00fcero\u2019 reconoci\u00f3 que el Gobierno de Estados Unidos \u201cno solicit\u00f3, indujo, sancion\u00f3 ni aprob\u00f3 el secuestro\u201d del \u2018Mayo\u2019 Zambada, por lo que ni \u00e9l ni su hermano, Ovidio Guzm\u00e1n, detenido en enero de 2023, recibir\u00e1n \u201ccr\u00e9dito de cooperaci\u00f3n\u201d que les beneficie en EU.<\/p>\n\n\n\n<p>Estas declaraciones se compartieron al Tribunal que lleva el caso para \u201cdeterminar si existe una base f\u00e1ctica para la declaraci\u00f3n de culpabilidad y el decomiso penal del acusado\u201d.<\/p>\n\n\n\n<p>A lo largo de la detenci\u00f3n y proceso contra Ovidio y Joaqu\u00edn Guzm\u00e1n L\u00f3pez, han obtenido beneficios, desde el traslado de sus familiares a Estados Unidos, incluida su madre, Griselda, hasta un supuesto acuerdo con el que es posible que \u2018El Rat\u00f3n\u2019 colabore con las autoridades de EU.<\/p>\n\n\n\n<p>EL VUELO<\/p>\n\n\n\n<p>Aunque en un principio se report\u00f3 que el vuelo parti\u00f3 de Hermosillo, Sonora, la declaraci\u00f3n de Joaqu\u00edn Guzm\u00e1n L\u00f3pez indica que el vuelo sali\u00f3 desde una pista a\u00e9rea en Culiac\u00e1n, Sinaloa, y lleg\u00f3 a Nuevo M\u00e9xico, Estados Unidos.<\/p>\n\n\n\n<p>La avioneta en la que viajaba \u2018El Mayo\u2019 Zambada, amarrado y sedado, aterriz\u00f3 en el Aeropuerto Internacional de Santa Teresa, aleda\u00f1o con la ciudad de El Paso, Texas, y tambi\u00e9n conocido como Do\u00f1a Ana County International Airport.<\/p>\n","protected":false},"excerpt":{"rendered":"<p>Redacci\u00f3n\/Zona Roja Cdmx. (Informaci\u00f3n de \u201cEl Financiero\u201d) Ciudad de M\u00e9xico, a 2 de diciembre de&hellip;<\/p>\n","protected":false},"author":2,"featured_media":70848,"comment_status":"closed","ping_status":"open","sticky":false,"template":"","format":"standard","meta":{"_lmt_disableupdate":"","_lmt_disable":"","_jetpack_memberships_contains_paid_content":false,"footnotes":""},"categories":[109,47],"tags":[3847,4563],"class_list":["post-87558","post","type-post","status-publish","format-standard","has-post-thumbnail","hentry","category-minuto-a-minuto","category-zona-gris","tag-ismael-el-mayo-zambada","tag-joaquin-guzman-lopez"],"jetpack_featured_media_url":"https:\/\/zonaroja.com.mx\/wp-content\/uploads\/2024\/07\/Mayo-Zambada-y-Joaquin-Guzman.jpeg","jetpack_sharing_enabled":true,"_links":{"self":[{"href":"https:\/\/zonaroja.com.mx\/index.php?rest_route=\/wp\/v2\/posts\/87558","targetHints":{"allow":["GET"]}}],"collection":[{"href":"https:\/\/zonaroja.com.mx\/index.php?rest_route=\/wp\/v2\/posts"}],"about":[{"href":"https:\/\/zonaroja.com.mx\/index.php?rest_route=\/wp\/v2\/types\/post"}],"author":[{"embeddable":true,"href":"https:\/\/zonaroja.com.mx\/index.php?rest_route=\/wp\/v2\/users\/2"}],"replies":[{"embeddable":true,"href":"https:\/\/zonaroja.com.mx\/index.php?rest_route=%2Fwp%2Fv2%2Fcomments&post=87558"}],"version-history":[{"count":1,"href":"https:\/\/zonaroja.com.mx\/index.php?rest_route=\/wp\/v2\/posts\/87558\/revisions"}],"predecessor-version":[{"id":87559,"href":"https:\/\/zonaroja.com.mx\/index.php?rest_route=\/wp\/v2\/posts\/87558\/revisions\/87559"}],"wp:featuredmedia":[{"embeddable":true,"href":"https:\/\/zonaroja.com.mx\/index.php?rest_route=\/wp\/v2\/media\/70848"}],"wp:attachment":[{"href":"https:\/\/zonaroja.com.mx\/index.php?rest_route=%2Fwp%2Fv2%2Fmedia&parent=87558"}],"wp:term":[{"taxonomy":"category","embeddable":true,"href":"https:\/\/zonaroja.com.mx\/index.php?rest_route=%2Fwp%2Fv2%2Fcategories&post=87558"},{"taxonomy":"post_tag","embeddable":true,"href":"https:\/\/zonaroja.com.mx\/index.php?rest_route=%2Fwp%2Fv2%2Ftags&post=87558"}],"curies":[{"name":"wp","href":"https:\/\/api.w.org\/{rel}","templated":true}]}}