{"id":87563,"date":"2025-12-02T12:17:00","date_gmt":"2025-12-02T18:17:00","guid":{"rendered":"https:\/\/zonaroja.com.mx\/?p=87563"},"modified":"2025-12-02T08:21:35","modified_gmt":"2025-12-02T14:21:35","slug":"santa-lucia-del-camino-referente-en-seguridad-y-obras-edil","status":"publish","type":"post","link":"https:\/\/zonaroja.com.mx\/?p=87563","title":{"rendered":"Santa Luc\u00eda del Camino, referente en seguridad y obras: edil"},"content":{"rendered":"\n<p>Raymundo Morales\/Zona Roja.<\/p>\n\n\n\n<p>Oaxaca, Oax., a 2 de diciembre de 2025.- En al menos 90 por ciento se han reducido los delitos de alto impacto en Santa Luc\u00eda del Camino, resultado de la inversi\u00f3n en equipamiento, capacitaci\u00f3n e infraestructura en materia de seguridad p\u00fablica.<\/p>\n\n\n\n<p>Ello lo destac\u00f3 ayer el presidente municipal Juan Carlos Garc\u00eda M\u00e1rquez al rendir su primer informe de labores, en presencia de la presidenta del DIF estatal, Irma Bola\u00f1os, y del gobernador Salom\u00f3n Jara Cruz, a quien agradeci\u00f3 el respaldo en diversas obras de pavimentaci\u00f3n de vialidades mediante \u201cTache al Bache\u201d.<\/p>\n\n\n\n<p>Entre otras acciones, destac\u00f3 que se ha invertido en equipo de \u00faltima generaci\u00f3n, incluyendo la modernizaci\u00f3n del Centro de Control y Comando (C2) y la instalaci\u00f3n de m\u00e1s de 300 c\u00e1maras de videovigilancia. En 2025, se sumaron 17 nuevos puntos de monitoreo inteligente.<\/p>\n\n\n\n<p>Bajo la premisa de \u201cCuando cuidamos a nuestros polic\u00edas, cuidamos a todas las personas y cuidamos a Santa Luc\u00eda del Camino\u201d, inform\u00f3 que actualmente un elemento certificado alcanza un sueldo de 14 mil pesos mensuales.<\/p>\n\n\n\n<p>Agreg\u00f3 que que llev\u00f3 a cabo la rehabilitaci\u00f3n del Arco de Seguridad Norte I y se instal\u00f3 el Arco de Seguridad Sur II; se adquirieron dos patrullas equipadas con computadoras y conexi\u00f3n a internet satelital Starlink, as\u00ed como seis motopatrullas equipadas y balizadas; se cre\u00f3 el Grupo de Reacci\u00f3n Inmediata Motorizada (GRIM), entre otros.<\/p>\n\n\n\n<p>En otras acciones, en presencia del fiscal General Bernardo Rodr\u00edguez Alamilla, expuso que se ha reducido en 50% violencia familiar gracias al trabajo conjunto con la Fiscal\u00eda General del Estado; asimismo, se instal\u00f3 una sede de la Agencia del Ministerio P\u00fablico, para atender a Santa Luc\u00eda y municipios cercanos.<\/p>\n\n\n\n<p>Se cre\u00f3 asimismo una unidad canina; en tanto, se impuls\u00f3 el primer juzgado especializado contra el maltrato animal. \u201cEn Santa Luc\u00eda del Camino, cuidamos a quienes nos cuidan y a quienes no pueden defenderse\u201d, agreg\u00f3.<\/p>\n\n\n\n<p>Entre otras acciones, Garc\u00eda M\u00e1rquez, acompa\u00f1ado de su esposa Bety Santos, agreg\u00f3 que hasta el momento no se ha permitido la apertura de ning\u00fan nuevo bar, cantina o centro nocturno.<\/p>\n\n\n\n<figure class=\"wp-block-embed is-type-rich is-provider-twitter wp-block-embed-twitter\"><div class=\"wp-block-embed__wrapper\">\n<div class=\"twitter-tweet\"><blockquote class=\"twitter-tweet\" data-lang=\"es\"><p lang=\"es\" dir=\"ltr\"><a href=\"https:\/\/twitter.com\/hashtag\/ENVIVO?src=hash&amp;ref_src=twsrc%5Etfw\">#ENVIVO<\/a><br>Con la presencia del gobernador <a href=\"https:\/\/twitter.com\/salomonj?ref_src=twsrc%5Etfw\">@salomonj<\/a> como invitado de honor, el presidente municipal de Santa Luc\u00eda del Camino, <a href=\"https:\/\/twitter.com\/JC_GMarquez?ref_src=twsrc%5Etfw\">@JC_GMarquez<\/a>, rinde su Primer Informe de labores, en la explanada municipal.  <a href=\"https:\/\/t.co\/24r87tTikN\">https:\/\/t.co\/24r87tTikN<\/a><\/p>&mdash; Zona Roja Oaxaca (@ZonaRoja_Oaxaca) <a href=\"https:\/\/twitter.com\/ZonaRoja_Oaxaca\/status\/1995635318817689620?ref_src=twsrc%5Etfw\">1 de diciembre de 2025<\/a><\/blockquote><\/div>\n<\/div><\/figure>\n\n\n\n<p>Se suspendieron m\u00e1s de 120 licencias que no se encontraban en operaci\u00f3n.Se clausuraron m\u00e1s de 30 bares que incumplieron de manera grave con la regulaci\u00f3n de la actividad comercial.<\/p>\n\n\n\n<p>Expuso sobre el exitoso saneamiento de las finanzas municipales, tras heredar una grave deuda fiscal por m\u00e1s de 10 millones de pesos.<\/p>\n\n\n\n<p>\u201cLa deuda del pasado espec\u00edficamente de los periodos 2016-2018 y 2019-2021, gener\u00f3 consecuencias y multas impuestas por el SAT, los cuales ya fueron saldados regularizando los cr\u00e9ditos fiscales y devolviendo la salud financiera al municipio.<\/p>\n\n\n\n<p>\u201c\u00a1La denuncia contin\u00faa! A pesar de haber cubierto la deuda, el gobierno municipal mantiene activa la denuncia contra los ex presidentes Ra\u00fal Cruz y Dante Monta\u00f1o para que respondan por el da\u00f1o provocado al erario p\u00fablico\u201d, se\u00f1al\u00f3.<\/p>\n\n\n\n<p>Resalt\u00f3 acciones del DIF municipal en coordinaci\u00f3n con la instancia estatal, como la entrega de 320 despensas, a trav\u00e9s del programa municipal \u00abApoyo Alimentario DIF Continuo\u00bb, el cual continuar\u00e1 vigente en 2026, adem\u00e1s de que se ampliar\u00e1 la cobertura para llegar a m\u00e1s vecinas y vecinos.<\/p>\n\n\n\n<p>En materia de obra p\u00fablica, destac\u00f3 las inversiones tanto en recursos estatales como municipales, entre ellos la repavimentaci\u00f3n total de diversos tramos de la avenida Ferrocarril y la avenida L\u00e1zaro C\u00e1rdenas, as\u00ed como vialidades de la colonia Las Flores.<\/p>\n\n\n\n<p>De la misma manera, perforaci\u00f3n de pozos, rehabilitaci\u00f3n de drenaje, pavimentaci\u00f3n de calles y acciones de reforestaci\u00f3n y protecci\u00f3n al ambiente.<\/p>\n\n\n\n<p>Ante cientos de familias que acudieron al informe, Garc\u00eda M\u00e1rquez refrend\u00f3 su compromiso de seguir transformando el municipio con trabajo, honestidad e integridad.<\/p>\n\n\n\n<p>Hizo un llamado a sus compa\u00f1eras y compa\u00f1eros concejales a seguir gobernando con probidad, y se dirigi\u00f3 a la ciudadan\u00eda para pedirles que sigan trabajando por sus familias.<\/p>\n","protected":false},"excerpt":{"rendered":"<p>Raymundo Morales\/Zona Roja. Oaxaca, Oax., a 2 de diciembre de 2025.- En al menos 90&hellip;<\/p>\n","protected":false},"author":2,"featured_media":87564,"comment_status":"closed","ping_status":"open","sticky":false,"template":"","format":"standard","meta":{"_lmt_disableupdate":"","_lmt_disable":"","_jetpack_memberships_contains_paid_content":false,"footnotes":""},"categories":[109,46],"tags":[2533,337],"class_list":["post-87563","post","type-post","status-publish","format-standard","has-post-thumbnail","hentry","category-minuto-a-minuto","category-zona-blanca","tag-juan-carlos-garcia-marquez","tag-santa-lucia-del-camino"],"jetpack_featured_media_url":"https:\/\/zonaroja.com.mx\/wp-content\/uploads\/2025\/12\/Informe-Santa-Lucia-del-Camino-Juan-Carlos-Garcia.jpeg","jetpack_sharing_enabled":true,"_links":{"self":[{"href":"https:\/\/zonaroja.com.mx\/index.php?rest_route=\/wp\/v2\/posts\/87563","targetHints":{"allow":["GET"]}}],"collection":[{"href":"https:\/\/zonaroja.com.mx\/index.php?rest_route=\/wp\/v2\/posts"}],"about":[{"href":"https:\/\/zonaroja.com.mx\/index.php?rest_route=\/wp\/v2\/types\/post"}],"author":[{"embeddable":true,"href":"https:\/\/zonaroja.com.mx\/index.php?rest_route=\/wp\/v2\/users\/2"}],"replies":[{"embeddable":true,"href":"https:\/\/zonaroja.com.mx\/index.php?rest_route=%2Fwp%2Fv2%2Fcomments&post=87563"}],"version-history":[{"count":1,"href":"https:\/\/zonaroja.com.mx\/index.php?rest_route=\/wp\/v2\/posts\/87563\/revisions"}],"predecessor-version":[{"id":87565,"href":"https:\/\/zonaroja.com.mx\/index.php?rest_route=\/wp\/v2\/posts\/87563\/revisions\/87565"}],"wp:featuredmedia":[{"embeddable":true,"href":"https:\/\/zonaroja.com.mx\/index.php?rest_route=\/wp\/v2\/media\/87564"}],"wp:attachment":[{"href":"https:\/\/zonaroja.com.mx\/index.php?rest_route=%2Fwp%2Fv2%2Fmedia&parent=87563"}],"wp:term":[{"taxonomy":"category","embeddable":true,"href":"https:\/\/zonaroja.com.mx\/index.php?rest_route=%2Fwp%2Fv2%2Fcategories&post=87563"},{"taxonomy":"post_tag","embeddable":true,"href":"https:\/\/zonaroja.com.mx\/index.php?rest_route=%2Fwp%2Fv2%2Ftags&post=87563"}],"curies":[{"name":"wp","href":"https:\/\/api.w.org\/{rel}","templated":true}]}}