{"id":87566,"date":"2025-12-02T13:24:00","date_gmt":"2025-12-02T19:24:00","guid":{"rendered":"https:\/\/zonaroja.com.mx\/?p=87566"},"modified":"2025-12-02T08:25:17","modified_gmt":"2025-12-02T14:25:17","slug":"opinion-uabjo-la-disputa-por-la-rectoria-iv","status":"publish","type":"post","link":"https:\/\/zonaroja.com.mx\/?p=87566","title":{"rendered":"Opini\u00f3n. UABJO: la disputa por la rector\u00eda (IV)"},"content":{"rendered":"\n<p>Isidoro Yescas*<\/p>\n\n\n\n<p>Si todav\u00eda en septiembre de este a\u00f1o en la arena pol\u00edtica rumbo a la elecci\u00f3n de rector&nbsp;de la UABJO&nbsp;figuraba como&nbsp;fuerte aspirante el ex director de la Facultad de Derecho y Subsecretario de Desarrollo Democr\u00e1tico de la Sego, Carlos P\u00e9rez Campos Mayoral, despu\u00e9s del golpe de mano urdido por la rector\u00eda y el Gobierno del Estado en esta conflictiva facultad, ya sus probabilidades se redujeron a cero.&nbsp;<\/p>\n\n\n\n<p>Sin embargo, desde otro flanco oposicionista a la terna que destap\u00f3 el rector Cristian Carre\u00f1o hace tres meses, ahora la corriente disidente del STAUO identificada bajo las siglas de Gran Alianza Universitaria acaba de destapar&nbsp;como su precandidata&nbsp;a la psic\u00f3loga&nbsp;Irma Ortiz&nbsp;Acosta, dos veces directora de la Preparatoria n\u00famero&nbsp;7&nbsp;y cercana a los afectos del gobernador Salom\u00f3n Jara Cruz.<\/p>\n\n\n\n<p>Si este factor puede modificar el&nbsp;posicionamiento de la tercia de aspirantes&nbsp;que juegan con el visto bueno de la rector\u00eda ( Am\u00edlcar Sosa, Luis Alberto Hern\u00e1ndez y Enrique Mart\u00ednez)&nbsp;est\u00e1 por verse, pero lo que est\u00e1 fuera de toda duda&nbsp;es que&nbsp;en la medida que se acerque la fecha de la elecci\u00f3n (mayo del 2026) los escenarios se&nbsp;complicar\u00e1n tanto por&nbsp;el reacomodo de alianzas internas&nbsp;y &nbsp;el surgimiento de nuevos aspirantes,&nbsp;como por la injerencia, directa o indirecta, del&nbsp;gobierno primaveral.<\/p>\n\n\n\n<p>De hecho, el aparente juego libre y limpio que el rector Carre\u00f1o les ofreci\u00f3 a los tres aspirantes del STAUO ha sido solamente una simulaci\u00f3n pues,&nbsp;aunque lo niegue,&nbsp;&nbsp;su compromiso&nbsp;e intereses pol\u00edtico-econ\u00f3micos est\u00e1n con el ex Secretario General del STAUO, &nbsp;Enrique Mart\u00ednez&nbsp;Mart\u00ednez.&nbsp;<\/p>\n\n\n\n<p>Ese fue el mensaje que envi\u00f3 cuando, de entrada, impuls\u00f3&nbsp;para la direcci\u00f3n de la facultad de Medicina a&nbsp;Beatriz Adriana Garc\u00eda (del primer c\u00edrculo de Mart\u00ednez) &nbsp;quien fue derrotada por la doctora Gema Hern\u00e1ndez Bernardino, y&nbsp;luego con&nbsp;la desestabilizaci\u00f3n que promovi\u00f3 &nbsp;en&nbsp;la facultad de Derecho&nbsp;para, una vez concluido&nbsp;el trienio&nbsp;de la directora &nbsp;Roc\u00edo Mart\u00ednez&nbsp;Helmes, imponer, en complicidad con el gobierno del estado, &nbsp;un triunvirato&nbsp;que se ha hecho &nbsp;cargo temporal de la direcci\u00f3n de ese plantel y en donde&nbsp;Carre\u00f1o&nbsp;tiene como representante \u201cinstitucional\u201d a su testaferro,&nbsp;el odont\u00f3logoEduardo V\u00e1squez Lagunas.&nbsp;<\/p>\n\n\n\n<p>Advertidos del doble juego de la rector\u00eda, ahora Am\u00edlcar Sosa y Luis Alberto Hern\u00e1ndez pelean&nbsp;su&nbsp;capital&nbsp;pol\u00edtico-electoral sin confiar plenamente en la estructura clientelar que &nbsp;el rector&nbsp;presume tener en escuelas y facultades.<\/p>\n\n\n\n<p>El otro factor que m\u00e1s tarde que temprano cobrar\u00e1 fuerza es la injerencia de funcionarios primaverales y del propio gobernador Salom\u00f3n Jara.&nbsp;<\/p>\n\n\n\n<p>Con&nbsp;la&nbsp;imposici\u00f3n de un triunvirato en la facultad de Derecho,&nbsp;uno de los funcionarios que sali\u00f3 perdiendo fue el Secretario de la Sego, Jes\u00fas Romero, con su prospecto Carlos P\u00e9rez Campos Mayoral.&nbsp;<\/p>\n\n\n\n<p>Sin embargo, sin que&nbsp;&nbsp;bien a bien se sepa&nbsp;si&nbsp;&nbsp;ya&nbsp;trae \u201cl\u00ednea\u201d de Palacio,&nbsp;ahora aparece en escena&nbsp;la psic\u00f3loga Irma Ortiz&nbsp;Acosta,&nbsp;que desde los \u00e9poca dorada del PRD cultiv\u00f3 amistad con quien ahora gobierna ( o dice gobernar) nuestro estado.&nbsp;<\/p>\n\n\n\n<p>Pero, como la experiencia de otras sucesiones rectorales nos han ense\u00f1ado, nada est\u00e1 escrito, ni desde la madriguera de quien sue\u00f1a con imponer sucesor y as\u00ed perpetuar sus negocios de la construcci\u00f3n en el campus universitario, ni desde el gobierno primaveral, en donde, adem\u00e1s de Romero L\u00f3pez, &nbsp;que va por la revancha,&nbsp;otros funcionarios&nbsp;como&nbsp;el Secretario de Finanzas, Farid Acevedo L\u00f3pez, el Oficial Mayor del IEEPO, Abel Leyva Gandarillas,&nbsp;&nbsp;y &nbsp;hasta el hermano&nbsp;c\u00f3mplice, No\u00e9 Jara,&nbsp;suenan&nbsp;por diversos motivos&nbsp;en la ruta sucesoria: el primero, porque&nbsp;como docente universitario ha tiempo que aspira a &nbsp;la rector\u00eda, y los otros dos porque juegan al papel de operadores pol\u00edticos&nbsp;y\/ o gestores oficiosos&nbsp;en asuntos sindicales y&nbsp;financieros&nbsp;de la UABJO para llevar agua a su molino.&nbsp;<\/p>\n\n\n\n<p>Por lo pronto, antes del inicio del per\u00edodo vacacional decembrino finalmente se convocar\u00e1 a la renovaci\u00f3n del Consejo Universitario &nbsp;para as\u00ed dar un paso m\u00e1s rumbo al proceso electoral, a\u00fan cuando , en&nbsp;esa vieja y nociva costumbre de violar la ley,&nbsp;ya muchos directores y directoras&nbsp;se han adelantado al lanzamiento de la convocatoria, ya para reelegir&nbsp;en lo oscurito&nbsp;como consejeros (as) &nbsp;a\u201clos mismos de siempre\u201d&nbsp;o para promover a sus leales&nbsp;y as\u00ed , llegado el momento de la elecci\u00f3n formal, solamente cubrir las formas.<\/p>\n\n\n\n<p>*Maestro en Sociolog\u00eda y periodista<\/p>\n\n\n\n<p>X:@YescasIsidoro &nbsp; &nbsp;&nbsp;<\/p>\n\n\n\n<p>Faceboock: Isidoro Yescas<\/p>\n","protected":false},"excerpt":{"rendered":"<p>Isidoro Yescas* Si todav\u00eda en septiembre de este a\u00f1o en la arena pol\u00edtica rumbo a&hellip;<\/p>\n","protected":false},"author":2,"featured_media":71623,"comment_status":"closed","ping_status":"open","sticky":false,"template":"","format":"standard","meta":{"_lmt_disableupdate":"","_lmt_disable":"","_jetpack_memberships_contains_paid_content":false,"footnotes":""},"categories":[456,109],"tags":[3998],"class_list":["post-87566","post","type-post","status-publish","format-standard","has-post-thumbnail","hentry","category-columna","category-minuto-a-minuto","tag-isidoro-yescas-martinez"],"jetpack_featured_media_url":"https:\/\/zonaroja.com.mx\/wp-content\/uploads\/2024\/08\/Opinion.-Isidoro-Yescas.jpg","jetpack_sharing_enabled":true,"_links":{"self":[{"href":"https:\/\/zonaroja.com.mx\/index.php?rest_route=\/wp\/v2\/posts\/87566","targetHints":{"allow":["GET"]}}],"collection":[{"href":"https:\/\/zonaroja.com.mx\/index.php?rest_route=\/wp\/v2\/posts"}],"about":[{"href":"https:\/\/zonaroja.com.mx\/index.php?rest_route=\/wp\/v2\/types\/post"}],"author":[{"embeddable":true,"href":"https:\/\/zonaroja.com.mx\/index.php?rest_route=\/wp\/v2\/users\/2"}],"replies":[{"embeddable":true,"href":"https:\/\/zonaroja.com.mx\/index.php?rest_route=%2Fwp%2Fv2%2Fcomments&post=87566"}],"version-history":[{"count":1,"href":"https:\/\/zonaroja.com.mx\/index.php?rest_route=\/wp\/v2\/posts\/87566\/revisions"}],"predecessor-version":[{"id":87567,"href":"https:\/\/zonaroja.com.mx\/index.php?rest_route=\/wp\/v2\/posts\/87566\/revisions\/87567"}],"wp:featuredmedia":[{"embeddable":true,"href":"https:\/\/zonaroja.com.mx\/index.php?rest_route=\/wp\/v2\/media\/71623"}],"wp:attachment":[{"href":"https:\/\/zonaroja.com.mx\/index.php?rest_route=%2Fwp%2Fv2%2Fmedia&parent=87566"}],"wp:term":[{"taxonomy":"category","embeddable":true,"href":"https:\/\/zonaroja.com.mx\/index.php?rest_route=%2Fwp%2Fv2%2Fcategories&post=87566"},{"taxonomy":"post_tag","embeddable":true,"href":"https:\/\/zonaroja.com.mx\/index.php?rest_route=%2Fwp%2Fv2%2Ftags&post=87566"}],"curies":[{"name":"wp","href":"https:\/\/api.w.org\/{rel}","templated":true}]}}