{"id":87580,"date":"2025-12-02T20:56:35","date_gmt":"2025-12-03T02:56:35","guid":{"rendered":"https:\/\/zonaroja.com.mx\/?p=87580"},"modified":"2025-12-02T20:56:35","modified_gmt":"2025-12-03T02:56:35","slug":"proxima-semana-el-informe-del-presidente-municipal-de-oaxaca-de-juarez","status":"publish","type":"post","link":"https:\/\/zonaroja.com.mx\/?p=87580","title":{"rendered":"Pr\u00f3xima semana, el informe del presidente municipal de Oaxaca de Ju\u00e1rez"},"content":{"rendered":"\n<p>Lisbeth Mej\u00eda Reyes\/Zona Roja.<\/p>\n\n\n\n<p>Oaxaca, Oax., a 2 de diciembre de 2025.- El Cabildo de Oaxaca de Ju\u00e1rez rendir\u00e1 su primer informe de gobierno el pr\u00f3ximo 9 de diciembre en una sesi\u00f3n solemne en el palacio municipal.&nbsp;<\/p>\n\n\n\n<p>Esta actividad es previa al informe que de manera m\u00e1s p\u00fablica dar\u00e1 el presidente municipal, Raymundo Chagoya, con fecha por definir.<\/p>\n\n\n\n<p>Fue en la sesi\u00f3n ordinaria de este martes en la que el cabildo aprob\u00f3 realizar la sesi\u00f3n solemne del 9 de diciembre, en la que todo el Cabildo rendir\u00e1 cuentas de su gesti\u00f3n en este primer d\u00eda de la administraci\u00f3n 2025-2027.<\/p>\n\n\n\n<p>A prop\u00f3sito de este ejercicio, el secretario municipal, Alexander P\u00e9rez Carrera, se\u00f1al\u00f3 que ya hab\u00eda recibido los informes respectivos de las comisiones del cabildo. Entre estos, el de la comisi\u00f3n de Seguridad Vecinal, el de la comisi\u00f3n de Honestidad, Prosperidad Compartida y Gobierno Abierto, entre otros.<\/p>\n\n\n\n<p>AVALAN PERMISOS<\/p>\n\n\n\n<p>En sesi\u00f3n ordinaria, el Cabildo tambi\u00e9n aprob\u00f3 diversos permisos temporales para las expoferias decembrinas y las verbenas de la Virgen de Guadalupe y de La Soledad. Estas \u00faltimas, que se celebran los d\u00edas 12 y 18 de diciembre.<\/p>\n\n\n\n<p>Aunque no se detallaron las fechas, lugares ni vigencia de los permisos, se prev\u00e9 que los de la verbena de la Virgen de Guadalupe sean para el parque \u201cEl Llano\u201d y los alrededores de la iglesia de Guadalupe y los de La Soledad en torno a la bas\u00edlica del mismo nombre.<\/p>\n\n\n\n<p>Durante los asuntos generales, el regidor de Centro Hist\u00f3rico, Alfonso Mart\u00ednez \u00c1lvarez, se pronunci\u00f3 porque el ayuntamiento sea m\u00e1s estricto y aplique la ley ante el abandono de desechos en la ciudad. Lo anterior principalmente por los residuos que el fin de semana fueron abandonados en la calle de Aldama, en el Centro Hist\u00f3rico.<\/p>\n\n\n\n<p>El presidente municipal Ray Chagoya respondi\u00f3 que se deber\u00e1 sancionar a quienes tiren residuos s\u00f3lidos en la ciudad.<\/p>\n\n\n\n<p>\u201cEsta situaci\u00f3n fue atendida de inmediato el d\u00eda que ocurri\u00f3; hay que prevenirlo tambi\u00e9n y monitorear. Aprovecho para hacer un llamado a las vecinas y vecinos de las 13 agencias, de la cabcera, para que en cualquier situaci\u00f3n de este tipo, que nos lo reporten\u201d, dijo.<\/p>\n","protected":false},"excerpt":{"rendered":"<p>Lisbeth Mej\u00eda Reyes\/Zona Roja. Oaxaca, Oax., a 2 de diciembre de 2025.- El Cabildo de&hellip;<\/p>\n","protected":false},"author":2,"featured_media":87577,"comment_status":"closed","ping_status":"open","sticky":false,"template":"","format":"standard","meta":{"_lmt_disableupdate":"","_lmt_disable":"","_jetpack_memberships_contains_paid_content":false,"footnotes":""},"categories":[109,46],"tags":[148],"class_list":["post-87580","post","type-post","status-publish","format-standard","has-post-thumbnail","hentry","category-minuto-a-minuto","category-zona-blanca","tag-oaxaca-de-juarez"],"jetpack_featured_media_url":"https:\/\/zonaroja.com.mx\/wp-content\/uploads\/2025\/12\/Sesion-de-Cabildo-Oaxaca-de-Juarez.jpeg","jetpack_sharing_enabled":true,"_links":{"self":[{"href":"https:\/\/zonaroja.com.mx\/index.php?rest_route=\/wp\/v2\/posts\/87580","targetHints":{"allow":["GET"]}}],"collection":[{"href":"https:\/\/zonaroja.com.mx\/index.php?rest_route=\/wp\/v2\/posts"}],"about":[{"href":"https:\/\/zonaroja.com.mx\/index.php?rest_route=\/wp\/v2\/types\/post"}],"author":[{"embeddable":true,"href":"https:\/\/zonaroja.com.mx\/index.php?rest_route=\/wp\/v2\/users\/2"}],"replies":[{"embeddable":true,"href":"https:\/\/zonaroja.com.mx\/index.php?rest_route=%2Fwp%2Fv2%2Fcomments&post=87580"}],"version-history":[{"count":1,"href":"https:\/\/zonaroja.com.mx\/index.php?rest_route=\/wp\/v2\/posts\/87580\/revisions"}],"predecessor-version":[{"id":87581,"href":"https:\/\/zonaroja.com.mx\/index.php?rest_route=\/wp\/v2\/posts\/87580\/revisions\/87581"}],"wp:featuredmedia":[{"embeddable":true,"href":"https:\/\/zonaroja.com.mx\/index.php?rest_route=\/wp\/v2\/media\/87577"}],"wp:attachment":[{"href":"https:\/\/zonaroja.com.mx\/index.php?rest_route=%2Fwp%2Fv2%2Fmedia&parent=87580"}],"wp:term":[{"taxonomy":"category","embeddable":true,"href":"https:\/\/zonaroja.com.mx\/index.php?rest_route=%2Fwp%2Fv2%2Fcategories&post=87580"},{"taxonomy":"post_tag","embeddable":true,"href":"https:\/\/zonaroja.com.mx\/index.php?rest_route=%2Fwp%2Fv2%2Ftags&post=87580"}],"curies":[{"name":"wp","href":"https:\/\/api.w.org\/{rel}","templated":true}]}}