{"id":87582,"date":"2025-12-02T22:05:42","date_gmt":"2025-12-03T04:05:42","guid":{"rendered":"https:\/\/zonaroja.com.mx\/?p=87582"},"modified":"2025-12-02T22:05:45","modified_gmt":"2025-12-03T04:05:45","slug":"a-juicio-de-las-bases-dirigencia-de-la-seccion-22-inicia-prepleno","status":"publish","type":"post","link":"https:\/\/zonaroja.com.mx\/?p=87582","title":{"rendered":"A juicio de las bases, dirigencia de la Secci\u00f3n 22; inicia Prepleno"},"content":{"rendered":"\n<p>Lisbeth Mej\u00eda Reyes\/Zona Roja.<\/p>\n\n\n\n<p>Oaxaca, Oax., a 2 de diciembre de 2025.- Con la asistencia de representantes de representaciones sindicales de otros estados, la Secci\u00f3n 22 del Sindicato Nacional de Trabajadores de la Educaci\u00f3n (SNTE) y de la Coordinadora Nacional de Trabajadores de la Educaci\u00f3n (CNTE) arranc\u00f3 este martes su VIII Prepleno Democr\u00e1tico, un ejercicio que se extender\u00e1 hasta el 5 de diciembre y mediante el cual las bases revisar\u00e1n y evaluar\u00e1n al comit\u00e9 ejecutivo seccional, liberado por la secretaria General, Yenny Araceli P\u00e9rez Mart\u00ednez.<\/p>\n\n\n\n<p>En este prepleno tambi\u00e9n se evaluar\u00e1n a la Coordinadora Estatal de los Trabajadores de la Educaci\u00f3n de Oaxaca (CETEO), organismos auxiliares y los espacios en resistencia en los niveles educativos y las delegaciones de servicios educativos de las regiones.<\/p>\n\n\n\n<p>La inauguraci\u00f3n del VIII Prepleno fue en el auditorio \u201cEnedino Jim\u00e9nez\u201d, en la ciudad de Oaxaca, donde el magisterio oaxaque\u00f1o y secciones como la de Chiapas, Guerrero y Ciudad de M\u00e9xico reiteraron su lucha como CNTE para abrogar la reforma educativa y la Ley del ISSSTE del 2007.<\/p>\n\n\n\n<p>Yenny Araceli P\u00e9rez Mart\u00ednez, secretaria general de la Secci\u00f3n 22, explic\u00f3 que es despu\u00e9s de 11 a\u00f1os que se retoma este evento como \u00abun espacio de rendici\u00f3n de cuentas del comit\u00e9 seccional\u00bb y la presentaci\u00f3n de informes de los organismos no estatutarios.<\/p>\n\n\n\n<p>Este prepleno, dijo, debe redireccionar a las estructuras estatutarias y no estatutarias, a fin de saber qu\u00e9 se est\u00e1 cumpliendo de las tareas que les fueron encomendadas en el XII Precongreso de noviembre de 2022, a\u00f1o en el que ella fue elegida como secretaria general.<\/p>\n\n\n\n<p>\u00abPero tambi\u00e9n es importante decir que este evento se debe de caracterizar por fortalecer a este movimiento democr\u00e1tico, que sin duda alguna sigue siendo el referente nacional de lucha magisterial y popular\u00bb, explic\u00f3 P\u00e9rez Mart\u00ednez sobre la Secci\u00f3n 22, que a su vez es \u00abla hermana mayor\u00bb de las dem\u00e1s secciones que aglutina la CNTE.<\/p>\n\n\n\n<p>\u00abLa Secci\u00f3n 22 debe seguir impulsando la lucha en las calles y la unidad en la coordinadora. La alianza con otros sectores sin duda alguna tambi\u00e9n es de suma importancia para seguir en la defensa de los derechos de los trabajadores del pa\u00eds\u00bb, subray\u00f3 al recordar la historia de 45 a\u00f1os de la gremial oaxaque\u00f1a.&nbsp;<\/p>\n\n\n\n<p>Adem\u00e1s, enfatiz\u00f3 la importancia de un brigadeo nacional para luchar en contra de las reformas estructurales del gobierno federal que preside Claudia Sheinbaum Pardo, y al que ha denominado como un \u00abgobierno de continuidad neoliberal\u00bb.<\/p>\n\n\n\n<p>En este prepleno, las representaciones y dem\u00e1s organismos de la Secci\u00f3n 22 \u00abrinden sus informes de \u00a0actividades a mitad del periodo de su mandato y son las bases quienes tienen la enorme responsabilidad de legitimar, ratificar a sus representantes o en su caso destituir y sancionar como ha quedado establecido en su memoria hist\u00f3rica\u00bb, seg\u00fan ha explicado la gremial de docentes de Oaxaca en un documento orientador del ejercicio.<\/p>\n\n\n\n<figure class=\"wp-block-embed is-type-rich is-provider-twitter wp-block-embed-twitter\"><div class=\"wp-block-embed__wrapper\">\n<div class=\"twitter-tweet\"><blockquote class=\"twitter-tweet\" data-lang=\"es\"><p lang=\"es\" dir=\"ltr\">Esta tarde, en el llamado Hotel del Magisterio, inici\u00f3 el VIII Prepleno, en que analizar\u00e1n y evaluar\u00e1n el trabajo de los integrantes del Comit\u00e9 Ejecutivo de la Secci\u00f3n 22 del SNTE, as\u00ed como de sus organismos auxiliares. <br>El encuentro que dura casi una semana fue inaugurado por la\u2026 <a href=\"https:\/\/t.co\/knzQ1ZElxu\">pic.twitter.com\/knzQ1ZElxu<\/a><\/p>&mdash; Zona Roja Oaxaca (@ZonaRoja_Oaxaca) <a href=\"https:\/\/twitter.com\/ZonaRoja_Oaxaca\/status\/1996033009594626458?ref_src=twsrc%5Etfw\">3 de diciembre de 2025<\/a><\/blockquote><\/div>\n<\/div><\/figure>\n","protected":false},"excerpt":{"rendered":"<p>Lisbeth Mej\u00eda Reyes\/Zona Roja. Oaxaca, Oax., a 2 de diciembre de 2025.- Con la asistencia&hellip;<\/p>\n","protected":false},"author":2,"featured_media":87576,"comment_status":"closed","ping_status":"open","sticky":false,"template":"","format":"standard","meta":{"_lmt_disableupdate":"","_lmt_disable":"","_jetpack_memberships_contains_paid_content":false,"footnotes":""},"categories":[109,46],"tags":[312],"class_list":["post-87582","post","type-post","status-publish","format-standard","has-post-thumbnail","hentry","category-minuto-a-minuto","category-zona-blanca","tag-seccion-22-del-snte"],"jetpack_featured_media_url":"https:\/\/zonaroja.com.mx\/wp-content\/uploads\/2025\/12\/Prepleno-Seccion-22-del-SNTE.jpg","jetpack_sharing_enabled":true,"_links":{"self":[{"href":"https:\/\/zonaroja.com.mx\/index.php?rest_route=\/wp\/v2\/posts\/87582","targetHints":{"allow":["GET"]}}],"collection":[{"href":"https:\/\/zonaroja.com.mx\/index.php?rest_route=\/wp\/v2\/posts"}],"about":[{"href":"https:\/\/zonaroja.com.mx\/index.php?rest_route=\/wp\/v2\/types\/post"}],"author":[{"embeddable":true,"href":"https:\/\/zonaroja.com.mx\/index.php?rest_route=\/wp\/v2\/users\/2"}],"replies":[{"embeddable":true,"href":"https:\/\/zonaroja.com.mx\/index.php?rest_route=%2Fwp%2Fv2%2Fcomments&post=87582"}],"version-history":[{"count":1,"href":"https:\/\/zonaroja.com.mx\/index.php?rest_route=\/wp\/v2\/posts\/87582\/revisions"}],"predecessor-version":[{"id":87583,"href":"https:\/\/zonaroja.com.mx\/index.php?rest_route=\/wp\/v2\/posts\/87582\/revisions\/87583"}],"wp:featuredmedia":[{"embeddable":true,"href":"https:\/\/zonaroja.com.mx\/index.php?rest_route=\/wp\/v2\/media\/87576"}],"wp:attachment":[{"href":"https:\/\/zonaroja.com.mx\/index.php?rest_route=%2Fwp%2Fv2%2Fmedia&parent=87582"}],"wp:term":[{"taxonomy":"category","embeddable":true,"href":"https:\/\/zonaroja.com.mx\/index.php?rest_route=%2Fwp%2Fv2%2Fcategories&post=87582"},{"taxonomy":"post_tag","embeddable":true,"href":"https:\/\/zonaroja.com.mx\/index.php?rest_route=%2Fwp%2Fv2%2Ftags&post=87582"}],"curies":[{"name":"wp","href":"https:\/\/api.w.org\/{rel}","templated":true}]}}