{"id":87584,"date":"2025-12-03T07:19:00","date_gmt":"2025-12-03T13:19:00","guid":{"rendered":"https:\/\/zonaroja.com.mx\/?p=87584"},"modified":"2025-12-03T06:20:47","modified_gmt":"2025-12-03T12:20:47","slug":"simularan-en-senado-eleccion-de-titular-de-fgr-sera-ernestina-godoy","status":"publish","type":"post","link":"https:\/\/zonaroja.com.mx\/?p=87584","title":{"rendered":"Simular\u00e1n en Senado elecci\u00f3n de titular de FGR; ser\u00e1 Ernestina Godoy"},"content":{"rendered":"\n<p>Redacci\u00f3n\/Zona Roja Cdmx.<\/p>\n\n\n\n<p>(Informaci\u00f3n de \u201cExpansi\u00f3n Pol\u00edtica\u201d)<\/p>\n\n\n\n<p>Ciudad de M\u00e9xico, a 3 de diciembre de 2025.- El Senado aprob\u00f3 ayer la lista de las 10 personas que quedaron como semifinalista para suplir a Alejandro Gertz Manero en la Fiscal\u00eda General de la Rep\u00fablica (FGR).<\/p>\n\n\n\n<p>En esta lista destaca el nombre de la exconsejera presidencial Ernestina Godoy, ya que actualmente es la encargada de despacho de la FGR. Aunque ocupa ese cargo de forma temporal, no hay impedimento para participar en el proceso de selecci\u00f3n para encabezar definitivamente la Fiscal\u00eda.<\/p>\n\n\n\n<p>La priista Claudia Edith Anaya coment\u00f3 que en lugar de que Morena aporte controles constitucionales para el nombramiento del titular de la FGR, solo debilita los que existen.&nbsp;<\/p>\n\n\n\n<p>Adem\u00e1s, se\u00f1al\u00f3 que el proceso para elegir al nuevo fiscal es una \u201csimulaci\u00f3n\u201d, ya que existe la instrucci\u00f3n para nombrar a Ernestina Godoy para cerrar los expedientes que hay sobre la investigaci\u00f3n en torno al \u201chuachicol\u201d fiscal.<\/p>\n\n\n\n<p>\u201cTodo en menos de una semana en que hayan coaccionado al fiscal para que aceptara dejar la Fiscal\u00eda a cambio de una embajada. Ahora todo el pa\u00eds de nervios. \u00bfQui\u00e9n ser\u00e1? \u00bfQui\u00e9n ir\u00e1 a suceder al fiscal Gertz? Uy que nervios&#8230; Ernestina Godoy\u201d, enfatiz\u00f3 la senadora.<\/p>\n\n\n\n<p>El panista Raymundo Bola\u00f1os se\u00f1al\u00f3 que la FGR no puede ser un \u201cpremio\u201d a la lealtad pol\u00edtica, pues enfatiz\u00f3 que el Poder Legislativo act\u00faa como una \u201coficial\u00eda de partes\u201d al pretender nombrar a la exconsejera jur\u00eddica como la pr\u00f3xima fiscal.<\/p>\n\n\n\n<p>\u201cHoy todos sabemos qui\u00e9n ser\u00e1 electa fiscal general de la Rep\u00fablica. Una fiscal a modo a los intereses del oficialismo. Hoy estamos ante un proceso simulado, donde ya hay una ganadora\u201d, mencion\u00f3.<\/p>\n\n\n\n<p>Asimismo, sostuvo que este proceso no garantiza parcialidad ni autonom\u00eda, por lo que pidi\u00f3 una Fiscal\u00eda investigue delitos, aporte elementos para sancionar y termine con la corrupci\u00f3n, as\u00ed como un organismo que \u201csirva a los ciudadanos\u201d.<\/p>\n\n\n\n<p>\u00bfQU\u00c9 SIGUE?<\/p>\n\n\n\n<p>Con la aprobaci\u00f3n de este listado con 88 votos a favor, 21 en contra y 5 en abstenci\u00f3n, los 10 nombres ser\u00e1n enviado al Poder Ejecutivo y la presidenta Claudia Sheinbaum elegir\u00e1 a tres personas.<\/p>\n\n\n\n<p>Estas tres personas comparecer\u00e1 ante el Pleno del Senado de forma separada y, posteriormente, los legisladores votar\u00e1n mediante c\u00e9dula, que es colocando un papel en una urna.<\/p>\n\n\n\n<p>La persona que resulte con m\u00e1s votos a favor ser\u00e1 designada como titular de la FGR por los pr\u00f3ximos nueve a\u00f1os.<\/p>\n\n\n\n<p>Se contemplaba que por la noche de ayer martes, la presidenta Claudia Sheinbaum enviara a sus tres favoritos, con el fin de que el mi\u00e9rcoles 3 de diciembre estas personas puedan comparecer y el jueves la C\u00e1mara alta elija al pr\u00f3ximo titular de la FGR.<\/p>\n\n\n\n<p>LOS ASPIRANTES<\/p>\n\n\n\n<p>Durante la discusi\u00f3n en el Pleno, los legisladores sacaron del listado a Alfredo Barrera Flores, y colocaron a F\u00e9lix Roel Herrera Antonio. Los otros candidatos son los mismos que aval\u00f3 la Junta de Coordinaci\u00f3n Pol\u00edtica (Jucopo) del Senado:<\/p>\n\n\n\n<p>Ernestina Godoy. Es la actual encargada de despacho en la FGR. Tiene una historia dentro de Morena. Cuando L\u00f3pez Obrador era jefe de Gobierno en el entonces Distrito Federal, estaba en la Consejer\u00eda Jur\u00eddica y de Servicios Legales del DF como directora general Jur\u00eddica y de Estudios Legislativos.<\/p>\n\n\n\n<p>Cuando Claudia Shienbaum fue jefa de Gobierno de la Ciudad de M\u00e9xico, Godoy ocup\u00f3 el cargo de fiscal general de la ciudad. Ya en el sexenio presidencial actual, fue la consejera jur\u00eddica de Sheinbaum.<\/p>\n\n\n\n<p>Luis Manuel P\u00e9rez de Acha. Es abogado constitucionalista y fiscalista. Fue integrante del Comit\u00e9 de Participaci\u00f3n Ciudadana del Sistema Nacional Anticorrupci\u00f3n de 2017 a 2019.<\/p>\n\n\n\n<p>Hamlet Garc\u00eda Almaguer. Ha sido diputado y senador por el partido oficialista. \u00c9l es cercano al secretario de Econom\u00eda, Marcelo Ebrard, pues durante la campa\u00f1a para elegir al candidato presidencial de Morena en 2024, lo apoy\u00f3.<\/p>\n\n\n\n<p>Luz Mar\u00eda Zarza Delgado. Es abogada con m\u00e1s de 30 a\u00f1os de trayectoria. Dentro de su experiencia est\u00e1 haber sido directora jur\u00eddica de Pemex, pero renunci\u00f3 para contender en las elecciones para ministra de la Suprema Corte de Justicia de la Naci\u00f3n, las cuales no gan\u00f3.<\/p>\n\n\n\n<p>Maribel Bojorges Beltr\u00e1n. Fue fiscal Especializada en Combate Anticorrupci\u00f3n del Estado de M\u00e9xico y coordinadora general de Investigaci\u00f3n Territorial de la Fiscal\u00eda General de Justicia de la Ciudad de M\u00e9xico, cuando Claudia Sheinbaum era jefa de Gobierno de la CDMX.<\/p>\n\n\n\n<p>Sandra Luz Gonz\u00e1lez Mogoll\u00f3n. Se ha desempe\u00f1ado como abogada tributaria del Servicio de Administraci\u00f3n Tributaria (SAT) y en el \u00e1rea de servicios especializados y oficial secretario de agencia investigadora en la antes Procuradur\u00eda General de la Rep\u00fablica delegaci\u00f3n Tabasco. En mayo de este a\u00f1o busc\u00f3 ser fiscal Especializado en Combate a la Corrupci\u00f3n de la Fiscal\u00eda General de Veracruz, pero no logr\u00f3 el cargo.<\/p>\n\n\n\n<p>David Borja Padilla. Fue secretario de Seguridad p\u00fablica en Coyuca de Ben\u00edtez, pero dej\u00f3 este cargo tras sufrir una emboscada en la carretera Acapulco-Zihuatanejo, donde result\u00f3 herido.<\/p>\n\n\n\n<p>Mirna Luc\u00eda Grande Hern\u00e1ndez. Actualmente se en encuentra como jefa de Unidad Departamental de Asuntos Jur\u00eddicos y Transparencia en la Universidad de la Polic\u00eda de la Ciudad de M\u00e9xico. Antes de este cargo fue subdirectora en la Procuradur\u00eda General de Justicia del antes Distrito Federal.<\/p>\n\n\n\n<p>Miguel Nava Alvarado. Fue presidente de la Comisi\u00f3n Estatal de los Derechos Humanos en Quer\u00e9taro y fue representante legal de 40 familias afectadas por el incendio de la Guarder\u00eda ABC. Tambi\u00e9n fue candidato a la gubernatura de Quer\u00e9taro por el partido Redes Sociales Progresistas, pero no gan\u00f3.<\/p>\n","protected":false},"excerpt":{"rendered":"<p>Redacci\u00f3n\/Zona Roja Cdmx. (Informaci\u00f3n de \u201cExpansi\u00f3n Pol\u00edtica\u201d) Ciudad de M\u00e9xico, a 3 de diciembre de&hellip;<\/p>\n","protected":false},"author":2,"featured_media":87437,"comment_status":"closed","ping_status":"open","sticky":false,"template":"","format":"standard","meta":{"_lmt_disableupdate":"","_lmt_disable":"","_jetpack_memberships_contains_paid_content":false,"footnotes":""},"categories":[109,47],"tags":[3728],"class_list":["post-87584","post","type-post","status-publish","format-standard","has-post-thumbnail","hentry","category-minuto-a-minuto","category-zona-gris","tag-ernestina-godoy"],"jetpack_featured_media_url":"https:\/\/zonaroja.com.mx\/wp-content\/uploads\/2025\/11\/Ernestina-Godoy-encargada-de-FGR.jpeg","jetpack_sharing_enabled":true,"_links":{"self":[{"href":"https:\/\/zonaroja.com.mx\/index.php?rest_route=\/wp\/v2\/posts\/87584","targetHints":{"allow":["GET"]}}],"collection":[{"href":"https:\/\/zonaroja.com.mx\/index.php?rest_route=\/wp\/v2\/posts"}],"about":[{"href":"https:\/\/zonaroja.com.mx\/index.php?rest_route=\/wp\/v2\/types\/post"}],"author":[{"embeddable":true,"href":"https:\/\/zonaroja.com.mx\/index.php?rest_route=\/wp\/v2\/users\/2"}],"replies":[{"embeddable":true,"href":"https:\/\/zonaroja.com.mx\/index.php?rest_route=%2Fwp%2Fv2%2Fcomments&post=87584"}],"version-history":[{"count":1,"href":"https:\/\/zonaroja.com.mx\/index.php?rest_route=\/wp\/v2\/posts\/87584\/revisions"}],"predecessor-version":[{"id":87585,"href":"https:\/\/zonaroja.com.mx\/index.php?rest_route=\/wp\/v2\/posts\/87584\/revisions\/87585"}],"wp:featuredmedia":[{"embeddable":true,"href":"https:\/\/zonaroja.com.mx\/index.php?rest_route=\/wp\/v2\/media\/87437"}],"wp:attachment":[{"href":"https:\/\/zonaroja.com.mx\/index.php?rest_route=%2Fwp%2Fv2%2Fmedia&parent=87584"}],"wp:term":[{"taxonomy":"category","embeddable":true,"href":"https:\/\/zonaroja.com.mx\/index.php?rest_route=%2Fwp%2Fv2%2Fcategories&post=87584"},{"taxonomy":"post_tag","embeddable":true,"href":"https:\/\/zonaroja.com.mx\/index.php?rest_route=%2Fwp%2Fv2%2Ftags&post=87584"}],"curies":[{"name":"wp","href":"https:\/\/api.w.org\/{rel}","templated":true}]}}