{"id":87586,"date":"2025-12-03T08:15:00","date_gmt":"2025-12-03T14:15:00","guid":{"rendered":"https:\/\/zonaroja.com.mx\/?p=87586"},"modified":"2025-12-03T06:46:07","modified_gmt":"2025-12-03T12:46:07","slug":"identifican-al-taxista-ejecutado-a-balazos-en-pinotepa","status":"publish","type":"post","link":"https:\/\/zonaroja.com.mx\/?p=87586","title":{"rendered":"Identifican al taxista ejecutado a balazos en Pinotepa"},"content":{"rendered":"\n<p>Raymundo Morales\/Zona Roja.<\/p>\n\n\n\n<p>Oaxaca, Oax., a 3 de diciembre de 2025.- Como H\u00e9ctor C. Fue identificado el taxista ejecutado anoche afuera de su domicilio en Santiago Pinotepa Nacional, municipio de la regi\u00f3n Costa del estado de Oaxaca.<\/p>\n\n\n\n<p>La agresi\u00f3n armada ocurri\u00f3 anoche alrededor de las 20:00 horas en la calle 2 Sur esquina 11 Oriente del barrio Yutacu, por parte de sujetos armados que de inmediato se dieron a la fuga, presuntamente a bordo de una motocicleta.<\/p>\n\n\n\n<p>El ruletero, que conduc\u00eda una unidad del sitio \u201cCosta Pinotepa\u201d cay\u00f3 en el sitio y tras las llamadas de auxilio, arribaron param\u00e9dicos, que corroboraron que el hombre ya no contaba con signos vitales.<\/p>\n\n\n\n<p>Peritos y agentes de investigaci\u00f3n de la Vicefiscal\u00eda Regional de la Costa, dependiente de la Fiscal\u00eda General del Estado de Oaxaca, iniciaron las indagaciones correspondientes para esclarecer el caso y llevar ante la justicia al o los probables responsables del crimen.<\/p>\n","protected":false},"excerpt":{"rendered":"<p>Raymundo Morales\/Zona Roja. Oaxaca, Oax., a 3 de diciembre de 2025.- Como H\u00e9ctor C. Fue&hellip;<\/p>\n","protected":false},"author":2,"featured_media":87587,"comment_status":"closed","ping_status":"open","sticky":false,"template":"","format":"standard","meta":{"_lmt_disableupdate":"","_lmt_disable":"","_jetpack_memberships_contains_paid_content":false,"footnotes":""},"categories":[109,51],"tags":[4060],"class_list":["post-87586","post","type-post","status-publish","format-standard","has-post-thumbnail","hentry","category-minuto-a-minuto","category-zona-roja","tag-asesinato-pinotepa-nacional"],"jetpack_featured_media_url":"https:\/\/zonaroja.com.mx\/wp-content\/uploads\/2025\/12\/Taxista-ejecutado-Pinotepa-Nacional.jpeg","jetpack_sharing_enabled":true,"_links":{"self":[{"href":"https:\/\/zonaroja.com.mx\/index.php?rest_route=\/wp\/v2\/posts\/87586","targetHints":{"allow":["GET"]}}],"collection":[{"href":"https:\/\/zonaroja.com.mx\/index.php?rest_route=\/wp\/v2\/posts"}],"about":[{"href":"https:\/\/zonaroja.com.mx\/index.php?rest_route=\/wp\/v2\/types\/post"}],"author":[{"embeddable":true,"href":"https:\/\/zonaroja.com.mx\/index.php?rest_route=\/wp\/v2\/users\/2"}],"replies":[{"embeddable":true,"href":"https:\/\/zonaroja.com.mx\/index.php?rest_route=%2Fwp%2Fv2%2Fcomments&post=87586"}],"version-history":[{"count":1,"href":"https:\/\/zonaroja.com.mx\/index.php?rest_route=\/wp\/v2\/posts\/87586\/revisions"}],"predecessor-version":[{"id":87588,"href":"https:\/\/zonaroja.com.mx\/index.php?rest_route=\/wp\/v2\/posts\/87586\/revisions\/87588"}],"wp:featuredmedia":[{"embeddable":true,"href":"https:\/\/zonaroja.com.mx\/index.php?rest_route=\/wp\/v2\/media\/87587"}],"wp:attachment":[{"href":"https:\/\/zonaroja.com.mx\/index.php?rest_route=%2Fwp%2Fv2%2Fmedia&parent=87586"}],"wp:term":[{"taxonomy":"category","embeddable":true,"href":"https:\/\/zonaroja.com.mx\/index.php?rest_route=%2Fwp%2Fv2%2Fcategories&post=87586"},{"taxonomy":"post_tag","embeddable":true,"href":"https:\/\/zonaroja.com.mx\/index.php?rest_route=%2Fwp%2Fv2%2Ftags&post=87586"}],"curies":[{"name":"wp","href":"https:\/\/api.w.org\/{rel}","templated":true}]}}