{"id":87589,"date":"2025-12-03T09:15:00","date_gmt":"2025-12-03T15:15:00","guid":{"rendered":"https:\/\/zonaroja.com.mx\/?p=87589"},"modified":"2025-12-03T06:45:40","modified_gmt":"2025-12-03T12:45:40","slug":"con-alguna-discapacidad-el-8-8-de-10-oaxaquenos-revela-inegi","status":"publish","type":"post","link":"https:\/\/zonaroja.com.mx\/?p=87589","title":{"rendered":"Con alguna discapacidad, el 8.8% de oaxaque\u00f1os, revela Inegi\u00a0"},"content":{"rendered":"\n<p>Lisbeth Mej\u00eda Reyes\/Zona Roja.<\/p>\n\n\n\n<p>Oaxaca, Oax., a 3 de diciembre de 2025.- En el estado de Oaxaca, el 8.8 por ciento de su poblaci\u00f3n vive con alguna discapacidad. Es decir, aproximadamente 363 mil 629 personas de las y los 4.1 millones de habitantes, de acuerdo con la Encuesta Encuesta Nacional de la Din\u00e1mica Demogr\u00e1fica (ENADID) 2023 del Instituto Nacional de Estad\u00edstica y Geograf\u00eda (Inegi).<\/p>\n\n\n\n<p>Esto implica que al menos o casi 9 de cada 100 personas tienen mucha dificultad o no pueden hacer alguna de las siguientes actividades por alg\u00fan problema f\u00edsico: ver, o\u00edr, mover o usar las manos y brazos, caminar, subir o bajar usando sus piernas.&nbsp;<\/p>\n\n\n\n<p>Tambi\u00e9n implica a aquellas personas a las que se les dificulta hablar o comunicarse, recordar o concentrarse, ba\u00f1arse, vestirse o comer o hacer cualquier actividad diaria debido a problemas mentales o emocionales.<\/p>\n\n\n\n<p>Con ese 8.8 por ciento de su poblaci\u00f3n con alguna discapacidad, el estado de Oaxaca se ubica en el cuarto lugar nacional, seg\u00fan la m\u00e1s reciente ENADID.&nbsp;<\/p>\n\n\n\n<p>En el primer sitio est\u00e1 Zacatecas, que para ese mismo a\u00f1o registr\u00f3 el 11.2 por ciento de su poblaci\u00f3n con alguna discapacidad; Tabasco se encontraba en el segundo sitio, con 10.1 por ciento, y Durango en el tercero, con el 9.9 por ciento.<\/p>\n\n\n\n<p>En contraste, los porcentajes m\u00e1s bajos son los de Estado de M\u00e9xico, Chiapas y Coahuila, con 6.1, 5.9 y 5.2 por ciento de sus habitantes con alguna discapacidad.<\/p>\n\n\n\n<p>De acuerdo con la ENADID 2023, en M\u00e9xico hab\u00eda en ese a\u00f1o 121.6 millones de personas de 5 a\u00f1os y m\u00e1s. De ellas, 8.8 millones (7.2 por ciento) declar\u00f3 tener discapacidad; 4.7 millones (53.5 por ciento) eran mujeres y 4.1 millones (46.5 por ciento), hombres. Por grupos de edad, el mayor porcentaje se concentr\u00f3 en las personas adultas mayores (60 a\u00f1os y m\u00e1s) con 50.0 por ciento.<\/p>\n\n\n\n<p>La encuesta tambi\u00e9n se\u00f1ala que en el pa\u00eds las actividades con dificultad que m\u00e1s se reportaron en la poblaci\u00f3n de 5 a\u00f1os y m\u00e1s con discapacidad fueron: ver, aun usando lentes (45.8 %) y caminar, subir o bajar usando sus piernas (40.3 %).<\/p>\n\n\n\n<p>Cada 3 de diciembre, se conmemora el D\u00eda Internacional de las Personas con Discapacidad, una fecha que de acuerdo con la Organizaci\u00f3n de las Naciones Unidas tiene el objetivo de \u00abpromover los derechos y el bienestar de las personas con discapacidades en todos los \u00e1mbitos de la sociedad y el desarrollo\u00bb.<\/p>\n","protected":false},"excerpt":{"rendered":"<p>Lisbeth Mej\u00eda Reyes\/Zona Roja. Oaxaca, Oax., a 3 de diciembre de 2025.- En el estado&hellip;<\/p>\n","protected":false},"author":2,"featured_media":66549,"comment_status":"closed","ping_status":"open","sticky":false,"template":"","format":"standard","meta":{"_lmt_disableupdate":"","_lmt_disable":"","_jetpack_memberships_contains_paid_content":false,"footnotes":""},"categories":[109,47],"tags":[4565],"class_list":["post-87589","post","type-post","status-publish","format-standard","has-post-thumbnail","hentry","category-minuto-a-minuto","category-zona-gris","tag-discapacidad-en-oaxaca"],"jetpack_featured_media_url":"https:\/\/zonaroja.com.mx\/wp-content\/uploads\/2024\/03\/Personas-con-discapacidad.jpg","jetpack_sharing_enabled":true,"_links":{"self":[{"href":"https:\/\/zonaroja.com.mx\/index.php?rest_route=\/wp\/v2\/posts\/87589","targetHints":{"allow":["GET"]}}],"collection":[{"href":"https:\/\/zonaroja.com.mx\/index.php?rest_route=\/wp\/v2\/posts"}],"about":[{"href":"https:\/\/zonaroja.com.mx\/index.php?rest_route=\/wp\/v2\/types\/post"}],"author":[{"embeddable":true,"href":"https:\/\/zonaroja.com.mx\/index.php?rest_route=\/wp\/v2\/users\/2"}],"replies":[{"embeddable":true,"href":"https:\/\/zonaroja.com.mx\/index.php?rest_route=%2Fwp%2Fv2%2Fcomments&post=87589"}],"version-history":[{"count":2,"href":"https:\/\/zonaroja.com.mx\/index.php?rest_route=\/wp\/v2\/posts\/87589\/revisions"}],"predecessor-version":[{"id":87591,"href":"https:\/\/zonaroja.com.mx\/index.php?rest_route=\/wp\/v2\/posts\/87589\/revisions\/87591"}],"wp:featuredmedia":[{"embeddable":true,"href":"https:\/\/zonaroja.com.mx\/index.php?rest_route=\/wp\/v2\/media\/66549"}],"wp:attachment":[{"href":"https:\/\/zonaroja.com.mx\/index.php?rest_route=%2Fwp%2Fv2%2Fmedia&parent=87589"}],"wp:term":[{"taxonomy":"category","embeddable":true,"href":"https:\/\/zonaroja.com.mx\/index.php?rest_route=%2Fwp%2Fv2%2Fcategories&post=87589"},{"taxonomy":"post_tag","embeddable":true,"href":"https:\/\/zonaroja.com.mx\/index.php?rest_route=%2Fwp%2Fv2%2Ftags&post=87589"}],"curies":[{"name":"wp","href":"https:\/\/api.w.org\/{rel}","templated":true}]}}