{"id":8759,"date":"2020-02-14T17:21:50","date_gmt":"2020-02-14T23:21:50","guid":{"rendered":"http:\/\/www.zonaroja.com.mx\/?p=8759"},"modified":"2020-02-14T17:21:53","modified_gmt":"2020-02-14T23:21:53","slug":"falla-juez-a-favor-de-familia-expulsada-en-quianitas-por-intolerancia-religiosa","status":"publish","type":"post","link":"https:\/\/zonaroja.com.mx\/?p=8759","title":{"rendered":"Falla Juez a favor de familia expulsada en Quianitas por intolerancia religiosa"},"content":{"rendered":"\n<p>Evlin Arag\u00f3n\/Zona Roja.<\/p>\n\n\n\n<p>Oaxaca de Ju\u00e1rez, Oax., 14 de febrero\nde 2020.- Dos a\u00f1os tuvieron que pasar para que Nicasio Lucas P\u00e9rez y Filadelfo\nSantos P\u00e9rez pudieran regresar a San Jos\u00e9 Quianitas, perteneciente al municipio\nde Santa Mar\u00eda Quiegolani, de donde fueron expulsados por las autoridades\ndebido a que no procesan la religi\u00f3n cat\u00f3lica, en un claro caso de intolerancia\nreligiosa.<\/p>\n\n\n\n<p>En conferencia de prensa, representes\nlegales y uno de los afectados dieron a conocer que el Juez Tercero de Distrito\nresolvi\u00f3 el amparo interpuesto ante la intolerancia religiosa registrada en el\n2017 en perjuicio de 10 personas y deriv\u00f3 en la expulsi\u00f3n de dos personas, que\nhasta hace unos d\u00edas pudieron regresar a su vivienda y con sus familiares.<\/p>\n\n\n\n<p>\u201cMe quer\u00edan obligar a brindar servicio\ncomunitario en la iglesia cat\u00f3lica, pese a que no profeso la misma religi\u00f3n, me\nnegu\u00e9 y me quer\u00edan obligar a firmar una acta para comprometerme a realizar lo\nque quer\u00edan, me volv\u00ed a negar y ante ello me expulsaron\u201d, record\u00f3 Filadelfo\nSantos P\u00e9rez en el encuentro con medios de comunicaci\u00f3n.<\/p>\n\n\n\n<p>Explic\u00f3 que su caso no es el \u00fanico y\nqu\u00e9 hay m\u00e1s personas, al interior de la localidad, que no ostentan la religi\u00f3n\ncat\u00f3lica que han sido obligadas a participar en las festividades, o en su\ndefecto tienen que pagar para que otras personas hagan la labores, lo cual\nrepercute en su econom\u00eda y no es justo debido a que la comunidad evang\u00e9lica no\npide el apoyo de otros para las actividades que tienen que ver con su fe.<\/p>\n\n\n\n<p>Tras su regreso a la localidad,\nFiladelfo hizo el recuento de los da\u00f1os toda vez que su plantaci\u00f3n est\u00e1 da\u00f1ada\nen un 80 por ciento debido al abandono en los \u00faltimos dos a\u00f1os, as\u00ed mismo su\nvivienda se deterior\u00f3 considerablemente y en estos momentos no cuenta con los\nservicios b\u00e1sicos para ser habitada, por lo que a\u00fan no se instala en la misma.<\/p>\n\n\n\n<p>Por lo anterior el abogado defensor\nGionani Mart\u00ednez San Juan, asegur\u00f3 que valoran las acciones a seguir toda vez\nque asumen ser\u00e1 complicado acceder a una reparaci\u00f3n del da\u00f1o por parte de las\nautoridades, pese a que la resoluci\u00f3n al amparo 138\/2017 establece el retorno\nde las personas a la localidad y la reinstalaci\u00f3n de los servicios b\u00e1sicos en\nsus viviendas, sin ning\u00fan tipo de represalia.<\/p>\n\n\n\n<p>\u201cEn la mayor\u00eda de los casos de\nintolerancia religiosa no se deja volver a los expulsados, este es un primer\ntriungo que haya vuelto y ahora queda evaluar que sigue en beneficio de la\nfamilia afectada\u201d, dijo el abogado.<\/p>\n\n\n\n<p>Por su parte el asesor jur\u00eddico de la\nConfraternidad de Pastores Cristianos Evang\u00e9licos, Porfirio Flores, asegur\u00f3 que\nen la entidad tienen el registro de entre 10 y 12 casos m\u00e1s de intolerancia\nreligiosa, la cual no solo deja en mal a la entidad sino que repercute\nconsiderablemente en en la vida de las personas afectadas.<\/p>\n\n\n\n<p>\u201cLa intolerancia religiosa no solo\ngenera una mala imagen al estado, tambi\u00e9n genera problemas muy directos a las\npersonas que tienen que salir de su comunidad, dejar sus viviendas, perder su\npatrimonio e iniciar de cero en otro lugar\u201d, dijo.<\/p>\n","protected":false},"excerpt":{"rendered":"<p>Evlin Arag\u00f3n\/Zona Roja. Oaxaca de Ju\u00e1rez, Oax., 14 de febrero de 2020.- Dos a\u00f1os tuvieron&hellip;<\/p>\n","protected":false},"author":2,"featured_media":8760,"comment_status":"closed","ping_status":"open","sticky":false,"template":"","format":"standard","meta":{"_lmt_disableupdate":"","_lmt_disable":"","_jetpack_memberships_contains_paid_content":false,"footnotes":""},"categories":[109,47],"tags":[1373],"class_list":["post-8759","post","type-post","status-publish","format-standard","has-post-thumbnail","hentry","category-minuto-a-minuto","category-zona-gris","tag-san-jose-quianitas"],"jetpack_featured_media_url":"https:\/\/zonaroja.com.mx\/wp-content\/uploads\/2020\/02\/Conferencia-intolerancia-religiosa.jpg","jetpack_sharing_enabled":true,"_links":{"self":[{"href":"https:\/\/zonaroja.com.mx\/index.php?rest_route=\/wp\/v2\/posts\/8759","targetHints":{"allow":["GET"]}}],"collection":[{"href":"https:\/\/zonaroja.com.mx\/index.php?rest_route=\/wp\/v2\/posts"}],"about":[{"href":"https:\/\/zonaroja.com.mx\/index.php?rest_route=\/wp\/v2\/types\/post"}],"author":[{"embeddable":true,"href":"https:\/\/zonaroja.com.mx\/index.php?rest_route=\/wp\/v2\/users\/2"}],"replies":[{"embeddable":true,"href":"https:\/\/zonaroja.com.mx\/index.php?rest_route=%2Fwp%2Fv2%2Fcomments&post=8759"}],"version-history":[{"count":1,"href":"https:\/\/zonaroja.com.mx\/index.php?rest_route=\/wp\/v2\/posts\/8759\/revisions"}],"predecessor-version":[{"id":8761,"href":"https:\/\/zonaroja.com.mx\/index.php?rest_route=\/wp\/v2\/posts\/8759\/revisions\/8761"}],"wp:featuredmedia":[{"embeddable":true,"href":"https:\/\/zonaroja.com.mx\/index.php?rest_route=\/wp\/v2\/media\/8760"}],"wp:attachment":[{"href":"https:\/\/zonaroja.com.mx\/index.php?rest_route=%2Fwp%2Fv2%2Fmedia&parent=8759"}],"wp:term":[{"taxonomy":"category","embeddable":true,"href":"https:\/\/zonaroja.com.mx\/index.php?rest_route=%2Fwp%2Fv2%2Fcategories&post=8759"},{"taxonomy":"post_tag","embeddable":true,"href":"https:\/\/zonaroja.com.mx\/index.php?rest_route=%2Fwp%2Fv2%2Ftags&post=8759"}],"curies":[{"name":"wp","href":"https:\/\/api.w.org\/{rel}","templated":true}]}}