{"id":87592,"date":"2025-12-03T10:15:00","date_gmt":"2025-12-03T16:15:00","guid":{"rendered":"https:\/\/zonaroja.com.mx\/?p=87592"},"modified":"2025-12-03T07:01:11","modified_gmt":"2025-12-03T13:01:11","slug":"tiene-oaxaca-primer-refugio-para-adolescentes-mujeres-victimas-de-delito","status":"publish","type":"post","link":"https:\/\/zonaroja.com.mx\/?p=87592","title":{"rendered":"Tiene Oaxaca primer refugio para adolescentes mujeres v\u00edctimas de delito"},"content":{"rendered":"\n<p>Redacci\u00f3n\/Zona Roja.&nbsp;<\/p>\n\n\n\n<p>Oaxaca, Oax., a 3 de diciembre de 2025.- Vanguardia a nivel nacional, el estado de Oaxaca tiene la primera Casa de Transici\u00f3n del pa\u00eds para mujeres v\u00edctimas del delito, donde se les brinda refugio y acompa\u00f1amiento integral hacia una vida independiente.<\/p>\n\n\n\n<p>El espacio fue inaugurado ayer por el mandatario Salom\u00f3n Jara Cruz y la presidenta honoraria del Sistema DIF Oaxaca, Irma Bola\u00f1os Quijano.&nbsp;<\/p>\n\n\n\n<p>De acuerdo con el Gobierno del Estado, con esta obra Oaxaca se coloca a la vanguardia nacional en el cuidado de este sector de la poblaci\u00f3n en situaci\u00f3n de acogimiento, que consiste no solamente en brindar techo y alimentaci\u00f3n, sino apoyo psicol\u00f3gico, capacitaci\u00f3n, asesor\u00eda educativa y laboral.<\/p>\n\n\n\n<p>El gobernador expres\u00f3 que este inmueble fue concebido con profundo sentido social y con el objetivo m\u00e1s noble en el servicio p\u00fablico es otorgar asistencia a quienes m\u00e1s lo necesitan y hacer realidad el derecho a una vida libre de violencia, con igualdad de oportunidades y con acceso a un desarrollo pleno.<\/p>\n\n\n\n<p>\u201cM\u00e1s all\u00e1 de una obra de infraestructura funcional, lo que hoy inauguramos es una obra de esperanza, un hogar temporal donde las j\u00f3venes podr\u00e1n fortalecer sus habilidades, encontrar orientaci\u00f3n y construir su propio proyecto de vida con dignidad y autonom\u00eda\u201d, expres\u00f3.<\/p>\n\n\n\n<p>De esta manera, a\u00f1adi\u00f3 que esta Casa de Transici\u00f3n simboliza el compromiso con los grupos de atenci\u00f3n prioritarios y personas que hist\u00f3ricamente fueron invisibilizadas y que hoy son el centro de la pol\u00edtica social, \u201cporque la Primavera Oaxaque\u00f1a tambi\u00e9n florece cuando colocamos al ser humano en el coraz\u00f3n de las decisiones p\u00fablicas\u201d, se\u00f1al\u00f3.<\/p>\n\n\n\n<p>En su oportunidad, la titular de la Procuradur\u00eda Estatal de Protecci\u00f3n de los Derechos de Ni\u00f1as, Ni\u00f1os y Adolescentes del Estado de Oaxaca (Prodennao), Yarib Hern\u00e1ndez Garc\u00eda expres\u00f3 que esta casa es el eslab\u00f3n entre la tutela del Estado y la ciudadan\u00eda plena, toda vez que no es un albergue, sino un hogar para avanzar a la autonom\u00eda.<\/p>\n\n\n\n<p>\u201cEn esta casa las adolescentes que no cuentan con apoyos, no ser\u00e1n tratadas como residentes o ni\u00f1as peque\u00f1as, sino como mujeres j\u00f3venes en formaci\u00f3n. Este espacio es m\u00e1s que un edificio, es una plataforma de lanzamiento hacia el futuro, destinado a mujeres valientes que han superado adversidades y que hoy tendr\u00e1n las herramientas para reescribir su historia\u201d, dijo.<\/p>\n\n\n\n<p>Esta obra construida sobre una superficie de 297 metros cuadrados cuenta con habitaciones para albergar a 10 mujeres adolescentes, ba\u00f1os, cocina, comedor, lavander\u00eda, sala de estar, patio central y corredores.<\/p>\n\n\n\n<p>El modelo de atenci\u00f3n se fundamenta en tres ejes para contrarrestar los efectos del internamiento: desarrollo de la identidad y pertinencia; vinculaci\u00f3n educativo y laboral, y reparaci\u00f3n integral del da\u00f1o; que les permitir\u00e1 a las beneficiarias consolidar quienes son.<\/p>\n\n\n\n<p>Asimismo, se fomentar\u00e1 la responsabilidad de cuidar el entorno mediante la adquisici\u00f3n de herramientas, adem\u00e1s, recibir\u00e1n capacitaci\u00f3n vocacional, apoyo educativo continuo y talleres de habilidades para la vida, manejo de finanzas, b\u00fasqueda de empleo y tr\u00e1mites administrativos. Aprender\u00e1n a cocinar, a hacer presupuestos, utilizar el transporte p\u00fablico, abrir una cuenta bancaria y tramitar sus documentos oficiales.<\/p>\n","protected":false},"excerpt":{"rendered":"<p>Redacci\u00f3n\/Zona Roja.&nbsp; Oaxaca, Oax., a 3 de diciembre de 2025.- Vanguardia a nivel nacional, el&hellip;<\/p>\n","protected":false},"author":2,"featured_media":87593,"comment_status":"closed","ping_status":"open","sticky":false,"template":"","format":"standard","meta":{"_lmt_disableupdate":"","_lmt_disable":"","_jetpack_memberships_contains_paid_content":false,"footnotes":""},"categories":[109,46],"tags":[939],"class_list":["post-87592","post","type-post","status-publish","format-standard","has-post-thumbnail","hentry","category-minuto-a-minuto","category-zona-blanca","tag-salomon-jara-cruz"],"jetpack_featured_media_url":"https:\/\/zonaroja.com.mx\/wp-content\/uploads\/2025\/12\/Casa-de-transicion-para-adolecentes-Oaxaca-Salomon-Jara.jpg","jetpack_sharing_enabled":true,"_links":{"self":[{"href":"https:\/\/zonaroja.com.mx\/index.php?rest_route=\/wp\/v2\/posts\/87592","targetHints":{"allow":["GET"]}}],"collection":[{"href":"https:\/\/zonaroja.com.mx\/index.php?rest_route=\/wp\/v2\/posts"}],"about":[{"href":"https:\/\/zonaroja.com.mx\/index.php?rest_route=\/wp\/v2\/types\/post"}],"author":[{"embeddable":true,"href":"https:\/\/zonaroja.com.mx\/index.php?rest_route=\/wp\/v2\/users\/2"}],"replies":[{"embeddable":true,"href":"https:\/\/zonaroja.com.mx\/index.php?rest_route=%2Fwp%2Fv2%2Fcomments&post=87592"}],"version-history":[{"count":1,"href":"https:\/\/zonaroja.com.mx\/index.php?rest_route=\/wp\/v2\/posts\/87592\/revisions"}],"predecessor-version":[{"id":87594,"href":"https:\/\/zonaroja.com.mx\/index.php?rest_route=\/wp\/v2\/posts\/87592\/revisions\/87594"}],"wp:featuredmedia":[{"embeddable":true,"href":"https:\/\/zonaroja.com.mx\/index.php?rest_route=\/wp\/v2\/media\/87593"}],"wp:attachment":[{"href":"https:\/\/zonaroja.com.mx\/index.php?rest_route=%2Fwp%2Fv2%2Fmedia&parent=87592"}],"wp:term":[{"taxonomy":"category","embeddable":true,"href":"https:\/\/zonaroja.com.mx\/index.php?rest_route=%2Fwp%2Fv2%2Fcategories&post=87592"},{"taxonomy":"post_tag","embeddable":true,"href":"https:\/\/zonaroja.com.mx\/index.php?rest_route=%2Fwp%2Fv2%2Ftags&post=87592"}],"curies":[{"name":"wp","href":"https:\/\/api.w.org\/{rel}","templated":true}]}}