{"id":87595,"date":"2025-12-03T11:15:00","date_gmt":"2025-12-03T17:15:00","guid":{"rendered":"https:\/\/zonaroja.com.mx\/?p=87595"},"modified":"2025-12-03T07:08:44","modified_gmt":"2025-12-03T13:08:44","slug":"extorsionaba-en-oaxaca-a-una-mujer-con-packs-ya-fue-detenido","status":"publish","type":"post","link":"https:\/\/zonaroja.com.mx\/?p=87595","title":{"rendered":"Extorsionaba en Oaxaca a una mujer con \u201cpacks\u201d; ya fue detenido"},"content":{"rendered":"\n<p>Redacci\u00f3n\/Zona Roja.<\/p>\n\n\n\n<p>Oaxaca, Oax., a 3 de diciembre de 2025.- La Fiscal\u00eda General del Estado de Oaxaca (FGEO) detuvo a una persona del sexo masculino identificada como I.B.S., por el delito de violaci\u00f3n a la intimidad sexual, cometido en agravio de una mujer en la regi\u00f3n de la Cuenca del Papaloapan.<\/p>\n\n\n\n<p>De acuerdo con el expediente penal, los hechos ocurrieron el 5 de diciembre de 2024, cuando la v\u00edctima recibi\u00f3 una llamada telef\u00f3nica en la que se le inform\u00f3 que una persona ofrec\u00eda a la venta im\u00e1genes de la v\u00edctima con contenido privado, conducta que constituye un delito por vulnerar la intimidad sexual de la mujer.<\/p>\n\n\n\n<p>Ante la situaci\u00f3n, la v\u00edctima fue auxiliada por su red de apoyo, realizando diversos dep\u00f3sitos bancarios a una cuenta bancaria vinculada con el presunto responsable.<\/p>\n\n\n\n<p>Tras recibir la denuncia, la FGEO inici\u00f3 las investigaciones correspondientes a trav\u00e9s de las \u00e1reas de g\u00e9nero de la Vicefiscal\u00eda Regional de la Cuenca, recabando los datos de prueba necesarios para solicitar y obtener la orden de aprehensi\u00f3n.<\/p>\n\n\n\n<p>El mandato judicial fue ejecutado por elementos de la Agencia Estatal de Investigaciones (AEI) cuando el imputado circulaba sobre la carretera Tuxtepec\u2013Cerro de Oro, a la altura de la colonia Granada.<\/p>\n\n\n\n<p>Una vez detenido, I.B.S. qued\u00f3 a disposici\u00f3n de la autoridad judicial que lo requiri\u00f3, a fin de determinar su situaci\u00f3n jur\u00eddica.<\/p>\n\n\n\n<p>&nbsp;EXTORSIONADORES VINCULADOS<\/p>\n\n\n\n<p>En otro caso, la Fiscal\u00eda General obtuvo prisi\u00f3n y auto de vinculaci\u00f3n a proceso en contra de cuatro personas del sexo masculino identificadas como A.Y.L.J., M.J.M.R., M.J.G.J., y K.R.C.A., imputados por el delito de extorsi\u00f3n en perjuicio patrimonial de E.C.H.C., en hechos ocurridos en los Valles Centrales.<\/p>\n\n\n\n<p>Conforme a lo establecido en el expediente de la FGEO, los hechos ocurrieron la noche 5 de noviembre de 2025, cuando un grupo de personas lleg\u00f3 a bordo de un autom\u00f3vil al domicilio particular de la v\u00edctima, ubicado en la poblaci\u00f3n de Magdalena Apasco, Etla, donde exigieron el pago por un adeudo.<\/p>\n\n\n\n<p>La v\u00edctima realiz\u00f3 un pago, pero los agresores lo golpearon para despu\u00e9s amenazarlo con quemar su vivienda si se retrasaba en los pagos.<\/p>\n\n\n\n<p>Cuando la FGEO tuvo conocimiento de los hechos derivado de la denuncia, el caso qued\u00f3 a cargo de la Vicefiscal\u00eda General de Control Regional, que inici\u00f3 las investigaciones ministeriales y despleg\u00f3 un equipo multidisciplinario al lugar de los hechos.<\/p>\n\n\n\n<p>Una vez que los Agentes Estatales de Investigaci\u00f3n aseguraron indicios, se establecieron s\u00f3lidas l\u00edneas de investigaci\u00f3n que permitieron obtener las \u00f3rdenes de aprehensi\u00f3n.<\/p>\n\n\n\n<p>Posteriormente se realiz\u00f3 un operativo que permiti\u00f3 la detenci\u00f3n de los cuatro imputados identificados como A.Y.L.J., M.J.M.R., M.J.G.J. Y K.R.C.A., mismos que fueron puestos a disposici\u00f3n de la autoridad competente.<\/p>\n\n\n\n<p>Tras el desahogo de pruebas aportadas, el Juez de Control dict\u00f3 auto de vinculaci\u00f3n a proceso por el delito de extorsi\u00f3n en contra de los cuatro imputados e impuso prisi\u00f3n preventiva oficiosa otorgando un mes para el cierre de la investigaci\u00f3n.<\/p>\n","protected":false},"excerpt":{"rendered":"<p>Redacci\u00f3n\/Zona Roja. Oaxaca, Oax., a 3 de diciembre de 2025.- La Fiscal\u00eda General del Estado&hellip;<\/p>\n","protected":false},"author":2,"featured_media":87596,"comment_status":"closed","ping_status":"open","sticky":false,"template":"","format":"standard","meta":{"_lmt_disableupdate":"","_lmt_disable":"","_jetpack_memberships_contains_paid_content":false,"footnotes":""},"categories":[109,46],"tags":[494],"class_list":["post-87595","post","type-post","status-publish","format-standard","has-post-thumbnail","hentry","category-minuto-a-minuto","category-zona-blanca","tag-fiscalia-general-del-estado-de-oaxaca"],"jetpack_featured_media_url":"https:\/\/zonaroja.com.mx\/wp-content\/uploads\/2025\/12\/Detenido-Cuenca-vendia-packs-fotos-intimas.jpg","jetpack_sharing_enabled":true,"_links":{"self":[{"href":"https:\/\/zonaroja.com.mx\/index.php?rest_route=\/wp\/v2\/posts\/87595","targetHints":{"allow":["GET"]}}],"collection":[{"href":"https:\/\/zonaroja.com.mx\/index.php?rest_route=\/wp\/v2\/posts"}],"about":[{"href":"https:\/\/zonaroja.com.mx\/index.php?rest_route=\/wp\/v2\/types\/post"}],"author":[{"embeddable":true,"href":"https:\/\/zonaroja.com.mx\/index.php?rest_route=\/wp\/v2\/users\/2"}],"replies":[{"embeddable":true,"href":"https:\/\/zonaroja.com.mx\/index.php?rest_route=%2Fwp%2Fv2%2Fcomments&post=87595"}],"version-history":[{"count":1,"href":"https:\/\/zonaroja.com.mx\/index.php?rest_route=\/wp\/v2\/posts\/87595\/revisions"}],"predecessor-version":[{"id":87597,"href":"https:\/\/zonaroja.com.mx\/index.php?rest_route=\/wp\/v2\/posts\/87595\/revisions\/87597"}],"wp:featuredmedia":[{"embeddable":true,"href":"https:\/\/zonaroja.com.mx\/index.php?rest_route=\/wp\/v2\/media\/87596"}],"wp:attachment":[{"href":"https:\/\/zonaroja.com.mx\/index.php?rest_route=%2Fwp%2Fv2%2Fmedia&parent=87595"}],"wp:term":[{"taxonomy":"category","embeddable":true,"href":"https:\/\/zonaroja.com.mx\/index.php?rest_route=%2Fwp%2Fv2%2Fcategories&post=87595"},{"taxonomy":"post_tag","embeddable":true,"href":"https:\/\/zonaroja.com.mx\/index.php?rest_route=%2Fwp%2Fv2%2Ftags&post=87595"}],"curies":[{"name":"wp","href":"https:\/\/api.w.org\/{rel}","templated":true}]}}