{"id":87598,"date":"2025-12-03T11:14:00","date_gmt":"2025-12-03T17:14:00","guid":{"rendered":"https:\/\/zonaroja.com.mx\/?p=87598"},"modified":"2025-12-03T07:15:16","modified_gmt":"2025-12-03T13:15:16","slug":"insisten-tamaulipecos-que-son-cuatro-desaparecidos-en-oaxaca","status":"publish","type":"post","link":"https:\/\/zonaroja.com.mx\/?p=87598","title":{"rendered":"Insisten tamaulipecos que son cuatro desaparecidos en Oaxaca"},"content":{"rendered":"\n<p>Redacci\u00f3n\/Zona Roja Cdmx.<\/p>\n\n\n\n<p>(Informaci\u00f3n de \u201cMilenio\u201d)<\/p>\n\n\n\n<p>Ciudad de M\u00e9xico, a 3 de diciembre de 2025.- Jos\u00e9 Andr\u00e9s M\u00e9ndez, vocero del colectivo de b\u00fasqueda &#8216;Amor por Nuestros Desaparecidos&#8217; de Reynosa, Tamaulipas, dijo que son cuatro y no dos los trabajadores de pipas desaparecidos en Oaxaca.<\/p>\n\n\n\n<p>Entrevistado en \u201cMilenio\u201d Noticias con Carlos Z\u00fa\u00f1iga, se\u00f1al\u00f3 que falta la denuncia por desaparici\u00f3n de dos personas porque sus familiares se encuentran en Reynosa y \u201cest\u00e1n muy angustiadas y preocupadas porque no pueden ir por falta de recursos\u201d, agreg\u00f3.<\/p>\n\n\n\n<p>Sobre lo argumentado por el fiscal de Oaxaca, de que la desaparici\u00f3n est\u00e1 vinculada al combustible ilegal, Jos\u00e9 Andr\u00e9s M\u00e9ndez dijo que se se buscan las im\u00e1genes de las c\u00e1maras del C4 o C5 porque, de acuerdo con las familias, las pipas y trailers eran dejados en una pensi\u00f3n cercana a una base militar, \u201cno sabemos realmente qu\u00e9 es lo que haya pasado\u201d.<\/p>\n\n\n\n<p>Reiter\u00f3 que se trabaja para que los familiares acudan a Oaxaca a donar material gen\u00e9tico para realizar la identificaci\u00f3n de los cuerpos, en caso de ser hallados sin vida.&nbsp;<\/p>\n\n\n\n<p>\u201cDesafortunadamente, pues ahora les toc\u00f3 a ellos desaparecer en Oaxaca, y que nuestro estado pues tambi\u00e9n es un estado donde desaparecen muchos, pero ahora ellos son los que les toc\u00f3 en el Istmo\u201d.<\/p>\n\n\n\n<p>Ante esto, dijo que se est\u00e1 trabajando con la Comisi\u00f3n local de b\u00fasqueda de Oaxaca para desplegar acciones de b\u00fasqueda por la zona, \u201cno nada m\u00e1s por esas dos personas, sino por las cuatro que est\u00e1n en calidad de desaparecidos\u201d e hizo un llamado a la Fiscal\u00eda de Oaxaca a que salga un preliminar \u201cporque desde el 20 de noviembre que no se sabe nada, la \u00faltima comunicaci\u00f3n que se tuvo por parte de las familias, fue ese mismo d\u00eda alrededor de las cinco de la tarde\u201d.<\/p>\n\n\n\n<p>Adem\u00e1s, dijo que las familias le han enfatizado en que no tienen nexos con ninguna actividad ilegal, \u201chasta ahora, he estado cerca de las familias, pregunt\u00e1ndoles precisamente para dar este acompa\u00f1amiento victimol\u00f3gico y dar aportes a la fiscal\u00eda y a la Comisi\u00f3n Local de B\u00fasqueda de Oaxaca\u201d.<\/p>\n\n\n\n<p>LOS DESAPARECIDOS<\/p>\n\n\n\n<p>Durante los \u00faltimos d\u00edas de noviembre, diversos colectivos de b\u00fasqueda difundieron en sus redes sociales una serie de fichas con informaci\u00f3n sobre Andr\u00e9s Eloy Ramos Ceja, Juan Jos\u00e9 P\u00e9rez Hern\u00e1ndez, Aldher Francisco Moreno Hern\u00e1ndez y Fernando Castro Morales, cuatro transportistas reportados como desaparecidos en Mat\u00edas Romero Avenda\u00f1o, Oaxaca.<\/p>\n\n\n\n<p>Versiones preliminares compartidas por el colectivo \u201cAmor por los Desaparecidos\u201d se\u00f1alan que los cuatro operadores salieron de Reynosa, Tamaulipas, con carga hacia la zona del Istmo de Tehuantepec.&nbsp;<\/p>\n\n\n\n<p>Aunque se presume que sus unidades fueron encontradas en estado de abandono, el paradero de los transportistas se mantiene desconocido.&nbsp;<\/p>\n","protected":false},"excerpt":{"rendered":"<p>Redacci\u00f3n\/Zona Roja Cdmx. (Informaci\u00f3n de \u201cMilenio\u201d) Ciudad de M\u00e9xico, a 3 de diciembre de 2025.-&hellip;<\/p>\n","protected":false},"author":2,"featured_media":87599,"comment_status":"closed","ping_status":"open","sticky":false,"template":"","format":"standard","meta":{"_lmt_disableupdate":"","_lmt_disable":"","_jetpack_memberships_contains_paid_content":false,"footnotes":""},"categories":[109,47],"tags":[4556],"class_list":["post-87598","post","type-post","status-publish","format-standard","has-post-thumbnail","hentry","category-minuto-a-minuto","category-zona-gris","tag-desaparecidos-de-tamaulipas-en-oaxaca"],"jetpack_featured_media_url":"https:\/\/zonaroja.com.mx\/wp-content\/uploads\/2025\/12\/Tamaulipecos-desaparecidos-en-Oaxaaca.jpg.webp","jetpack_sharing_enabled":true,"_links":{"self":[{"href":"https:\/\/zonaroja.com.mx\/index.php?rest_route=\/wp\/v2\/posts\/87598","targetHints":{"allow":["GET"]}}],"collection":[{"href":"https:\/\/zonaroja.com.mx\/index.php?rest_route=\/wp\/v2\/posts"}],"about":[{"href":"https:\/\/zonaroja.com.mx\/index.php?rest_route=\/wp\/v2\/types\/post"}],"author":[{"embeddable":true,"href":"https:\/\/zonaroja.com.mx\/index.php?rest_route=\/wp\/v2\/users\/2"}],"replies":[{"embeddable":true,"href":"https:\/\/zonaroja.com.mx\/index.php?rest_route=%2Fwp%2Fv2%2Fcomments&post=87598"}],"version-history":[{"count":1,"href":"https:\/\/zonaroja.com.mx\/index.php?rest_route=\/wp\/v2\/posts\/87598\/revisions"}],"predecessor-version":[{"id":87600,"href":"https:\/\/zonaroja.com.mx\/index.php?rest_route=\/wp\/v2\/posts\/87598\/revisions\/87600"}],"wp:featuredmedia":[{"embeddable":true,"href":"https:\/\/zonaroja.com.mx\/index.php?rest_route=\/wp\/v2\/media\/87599"}],"wp:attachment":[{"href":"https:\/\/zonaroja.com.mx\/index.php?rest_route=%2Fwp%2Fv2%2Fmedia&parent=87598"}],"wp:term":[{"taxonomy":"category","embeddable":true,"href":"https:\/\/zonaroja.com.mx\/index.php?rest_route=%2Fwp%2Fv2%2Fcategories&post=87598"},{"taxonomy":"post_tag","embeddable":true,"href":"https:\/\/zonaroja.com.mx\/index.php?rest_route=%2Fwp%2Fv2%2Ftags&post=87598"}],"curies":[{"name":"wp","href":"https:\/\/api.w.org\/{rel}","templated":true}]}}