{"id":87601,"date":"2025-12-03T12:19:00","date_gmt":"2025-12-03T18:19:00","guid":{"rendered":"https:\/\/zonaroja.com.mx\/?p=87601"},"modified":"2025-12-03T07:19:52","modified_gmt":"2025-12-03T13:19:52","slug":"reconoce-tania-caballero-avances-y-logros-del-tercer-informe-de-gobierno","status":"publish","type":"post","link":"https:\/\/zonaroja.com.mx\/?p=87601","title":{"rendered":"Reconoce Tania Caballero avances y logros del Tercer Informe de Gobierno"},"content":{"rendered":"\n<p>Redacci\u00f3n\/Zona Roja.&nbsp;<\/p>\n\n\n\n<p>Oaxaca, Oax. a 3 de diciembre de 2025.- La presidenta de la Junta de Coordinaci\u00f3n Pol\u00edtica (Jucopo) de la 66 Legislatura, diputada Tania Caballero Navarro, reconoci\u00f3 que el mensaje del titular del Ejecutivo estatal, Salom\u00f3n Jara Cruz, con motivo de los tres a\u00f1os de su administraci\u00f3n, expone avances relevantes en infraestructura, movilidad y programas de bienestar impulsados en beneficio de las familias oaxaque\u00f1as.<\/p>\n\n\n\n<p>En particular, destac\u00f3 el enfoque territorial del Gobierno del Estado para atender las necesidades de las comunidades y la prioridad hacia obras como la nueva carretera de la Exgarita al Aeropuerto Internacional, as\u00ed como acciones en salud, educaci\u00f3n y combate a la pobreza.<\/p>\n\n\n\n<p>No obstante, la legisladora subray\u00f3 que corresponde al Poder Legislativo evaluar de manera responsable y objetiva el Tercer Informe de Gobierno. \u201cEl an\u00e1lisis que realizaremos ser\u00e1 t\u00e9cnico y pol\u00edtico, porque as\u00ed lo establece la Constituci\u00f3n y porque la ciudadan\u00eda tiene derecho a conocer c\u00f3mo se ejercen los recursos p\u00fablicos\u201d, afirm\u00f3.<\/p>\n\n\n\n<p>Se\u00f1al\u00f3 que el Parlamento aprobar\u00e1 las fechas de la glosa correspondiente, para revisar los resultados en cada dependencia del Ejecutivo. \u201cNuestro deber es garantizar que este ejercicio contribuya a fortalecer la transparencia y la rendici\u00f3n de cuentas\u201d, indic\u00f3.<\/p>\n\n\n\n<p>Caballero Navarro reiter\u00f3 que el Congreso mantendr\u00e1 un di\u00e1logo institucional con el Poder Ejecutivo, siempre desde su autonom\u00eda y con la convicci\u00f3n de seguir construyendo resultados para Oaxaca.<\/p>\n","protected":false},"excerpt":{"rendered":"<p>Redacci\u00f3n\/Zona Roja.&nbsp; Oaxaca, Oax. a 3 de diciembre de 2025.- La presidenta de la Junta&hellip;<\/p>\n","protected":false},"author":2,"featured_media":86937,"comment_status":"closed","ping_status":"open","sticky":false,"template":"","format":"standard","meta":{"_lmt_disableupdate":"","_lmt_disable":"","_jetpack_memberships_contains_paid_content":false,"footnotes":""},"categories":[109,46],"tags":[2629],"class_list":["post-87601","post","type-post","status-publish","format-standard","has-post-thumbnail","hentry","category-minuto-a-minuto","category-zona-blanca","tag-tania-caballero-navarro"],"jetpack_featured_media_url":"https:\/\/zonaroja.com.mx\/wp-content\/uploads\/2025\/11\/Tania-Caballero.jpg","jetpack_sharing_enabled":true,"_links":{"self":[{"href":"https:\/\/zonaroja.com.mx\/index.php?rest_route=\/wp\/v2\/posts\/87601","targetHints":{"allow":["GET"]}}],"collection":[{"href":"https:\/\/zonaroja.com.mx\/index.php?rest_route=\/wp\/v2\/posts"}],"about":[{"href":"https:\/\/zonaroja.com.mx\/index.php?rest_route=\/wp\/v2\/types\/post"}],"author":[{"embeddable":true,"href":"https:\/\/zonaroja.com.mx\/index.php?rest_route=\/wp\/v2\/users\/2"}],"replies":[{"embeddable":true,"href":"https:\/\/zonaroja.com.mx\/index.php?rest_route=%2Fwp%2Fv2%2Fcomments&post=87601"}],"version-history":[{"count":1,"href":"https:\/\/zonaroja.com.mx\/index.php?rest_route=\/wp\/v2\/posts\/87601\/revisions"}],"predecessor-version":[{"id":87602,"href":"https:\/\/zonaroja.com.mx\/index.php?rest_route=\/wp\/v2\/posts\/87601\/revisions\/87602"}],"wp:featuredmedia":[{"embeddable":true,"href":"https:\/\/zonaroja.com.mx\/index.php?rest_route=\/wp\/v2\/media\/86937"}],"wp:attachment":[{"href":"https:\/\/zonaroja.com.mx\/index.php?rest_route=%2Fwp%2Fv2%2Fmedia&parent=87601"}],"wp:term":[{"taxonomy":"category","embeddable":true,"href":"https:\/\/zonaroja.com.mx\/index.php?rest_route=%2Fwp%2Fv2%2Fcategories&post=87601"},{"taxonomy":"post_tag","embeddable":true,"href":"https:\/\/zonaroja.com.mx\/index.php?rest_route=%2Fwp%2Fv2%2Ftags&post=87601"}],"curies":[{"name":"wp","href":"https:\/\/api.w.org\/{rel}","templated":true}]}}