{"id":87609,"date":"2025-12-03T19:34:44","date_gmt":"2025-12-04T01:34:44","guid":{"rendered":"https:\/\/zonaroja.com.mx\/?p=87609"},"modified":"2025-12-03T19:34:46","modified_gmt":"2025-12-04T01:34:46","slug":"con-nuevo-vuelo-desde-dallas-puerto-escondido-consolida-conexion-internacional","status":"publish","type":"post","link":"https:\/\/zonaroja.com.mx\/?p=87609","title":{"rendered":"Con nuevo vuelo desde Dallas, Puerto Escondido consolida conexi\u00f3n internacional"},"content":{"rendered":"\n<p>Redacci\u00f3n\/Zona Roja.<\/p>\n\n\n\n<p>Oaxaca, Oax., a 3 de diciembre de 2025.- Este mi\u00e9rcoles, Puerto Escondido recibi\u00f3 su segundo vuelo internacional, ahora desde Dallas, Texas, un avance que fortalece la proyecci\u00f3n tur\u00edstica y econ\u00f3mica de la Costa.<\/p>\n\n\n\n<p>El acto fue encabezado desde ese destino tur\u00edstico por la titular de la Secretar\u00eda de Turismo de Oaxaca, Saymi Pineda Velasco, junto con directivos de la aerol\u00ednea y del aeropuerto internacional.<\/p>\n\n\n\n<p>Durante el acto se inform\u00f3 que este nuevo servicio operar\u00e1 con dos frecuencias semanales, y de enero a diciembre de 2026 ofertar\u00e1 ocho mil 208 asientos en 108 vuelos.&nbsp;<\/p>\n\n\n\n<p>Sumado al vuelo inaugural desde Houston \u2014llegado el 5 de abril de 2025\u2014, el destino contar\u00e1 con 11 mil 828 asientos internacionales para el pr\u00f3ximo a\u00f1o.<\/p>\n\n\n\n<p>Se destac\u00f3 que los resultados ya se reflejan en el crecimiento sostenido de 2025:<\/p>\n\n\n\n<p>\u2022 69,328 asientos disponibles (+17.57%)<\/p>\n\n\n\n<p>\u2022 Incremento de 2.59 puntos en ocupaci\u00f3n a\u00e9rea<\/p>\n\n\n\n<p>\u2022 65,892 pasajeros adicionales<\/p>\n\n\n\n<p>\u2022 13.53% m\u00e1s tr\u00e1fico a\u00e9reo<\/p>\n\n\n\n<p>Este nuevo arribo confirma la confianza en la infraestructura moderna del aeropuerto y en la vocaci\u00f3n tur\u00edstica de la regi\u00f3n. \u201cM\u00e1s vuelos significan m\u00e1s visitantes, empleos y derrama econ\u00f3mica para las familias coste\u00f1as\u201d, se expuso.<\/p>\n\n\n\n<p>Con ello, Puerto Escondido se reafirma como destino internacional de playa, cultura y surf, y como una de las puertas m\u00e1s vibrantes de Oaxaca hacia el mundo.<\/p>\n\n\n\n<p>DERRAMA ECON\u00d3MICA<\/p>\n\n\n\n<p>Por otra parte, la Secretar\u00eda de Turismo inform\u00f3 que durante las Fiestas de Noviembre de Puerto Escondido 2025, se registr\u00f3 una derrama econ\u00f3mica de 297 millones 147 mil pesos para el destino, una ocupaci\u00f3n hotelera del 54.84 por ciento y la llegada de 158 mil 128 turistas.<\/p>\n\n\n\n<p>Con relaci\u00f3n al a\u00f1o 2024, el crecimiento econ\u00f3mico fue de 24.26 por ciento con 58 millones de pesos m\u00e1s; la ocupaci\u00f3n hotelera registr\u00f3 un incremento de 6.99 puntos porcentuales, mientras que la llegada de turistas creci\u00f3 un 19.03 por ciento con 25 mil 284 personas adicionales.<\/p>\n\n\n\n<p>De acuerdo con las cifras, el 69.85 por ciento de las llegadas correspondi\u00f3 a turistas que se alojaron en establecimientos de hospedaje en todas sus categor\u00edas, lo que suma 110 mil 460 personas; mientras que el 30.15 por ciento, equivalente a 47 mil 668 visitantes, opt\u00f3 por Airbnb, as\u00ed como por hospedarse con familiares y amigos.<\/p>\n\n\n\n<p>La derrama econ\u00f3mica generada por turistas que se alojaron en la hoteler\u00eda tradicional representa el 81.31 por ciento con 241 millones 609 mil pesos y quienes utilizaron otras modalidades, aportaron el 18.69 por ciento, equivalente a 55 millones 538 mil pesos.<\/p>\n\n\n\n<p>Con el impulso del gobierno, las Fiestas de Noviembre de Puerto Escondido se fortalecen a\u00f1o con a\u00f1o, lo que consolida a este destino como un referente nacional e internacional por su identidad cultural y su oferta de sol y playa.<\/p>\n\n\n\n<p>LIMPIEZA DE PLAYAS<\/p>\n\n\n\n<p>En otra actividad, la Sectur Oaxaca encabez\u00f3 la Magna Limpieza de Playas en diferentes municipios de la Costa, a fin de promover las pr\u00e1cticas responsables en los destinos tur\u00edsticos de esta regi\u00f3n de la entidad.<\/p>\n\n\n\n<p>Mediante el trabajo coordinado con autoridades municipales, organizaciones civiles y escuelas de nivel medio superior que se sumaron de manera voluntaria, se logr\u00f3 la recolecci\u00f3n de alrededor de seis toneladas de residuos s\u00f3lidos.<\/p>\n\n\n\n<p>Las actividades se realizaron de manera simult\u00e1nea en ocho playas de los municipios de Santa Mar\u00eda Huatulco, San Pedro Pochutla, Santa Mar\u00eda Tonameca, Santa Mar\u00eda Colotepec, San Pedro Mixtepec y Villa de Tututepec de Melchor Ocampo.<\/p>\n","protected":false},"excerpt":{"rendered":"<p>Redacci\u00f3n\/Zona Roja. Oaxaca, Oax., a 3 de diciembre de 2025.- Este mi\u00e9rcoles, Puerto Escondido recibi\u00f3&hellip;<\/p>\n","protected":false},"author":2,"featured_media":87610,"comment_status":"closed","ping_status":"open","sticky":false,"template":"","format":"standard","meta":{"_lmt_disableupdate":"","_lmt_disable":"","_jetpack_memberships_contains_paid_content":false,"footnotes":""},"categories":[109,46],"tags":[590],"class_list":["post-87609","post","type-post","status-publish","format-standard","has-post-thumbnail","hentry","category-minuto-a-minuto","category-zona-blanca","tag-puerto-escondido"],"jetpack_featured_media_url":"https:\/\/zonaroja.com.mx\/wp-content\/uploads\/2025\/12\/Nuevo-vuelo-Puerto-Escondido-Dallas-Texas.jpg","jetpack_sharing_enabled":true,"_links":{"self":[{"href":"https:\/\/zonaroja.com.mx\/index.php?rest_route=\/wp\/v2\/posts\/87609","targetHints":{"allow":["GET"]}}],"collection":[{"href":"https:\/\/zonaroja.com.mx\/index.php?rest_route=\/wp\/v2\/posts"}],"about":[{"href":"https:\/\/zonaroja.com.mx\/index.php?rest_route=\/wp\/v2\/types\/post"}],"author":[{"embeddable":true,"href":"https:\/\/zonaroja.com.mx\/index.php?rest_route=\/wp\/v2\/users\/2"}],"replies":[{"embeddable":true,"href":"https:\/\/zonaroja.com.mx\/index.php?rest_route=%2Fwp%2Fv2%2Fcomments&post=87609"}],"version-history":[{"count":1,"href":"https:\/\/zonaroja.com.mx\/index.php?rest_route=\/wp\/v2\/posts\/87609\/revisions"}],"predecessor-version":[{"id":87611,"href":"https:\/\/zonaroja.com.mx\/index.php?rest_route=\/wp\/v2\/posts\/87609\/revisions\/87611"}],"wp:featuredmedia":[{"embeddable":true,"href":"https:\/\/zonaroja.com.mx\/index.php?rest_route=\/wp\/v2\/media\/87610"}],"wp:attachment":[{"href":"https:\/\/zonaroja.com.mx\/index.php?rest_route=%2Fwp%2Fv2%2Fmedia&parent=87609"}],"wp:term":[{"taxonomy":"category","embeddable":true,"href":"https:\/\/zonaroja.com.mx\/index.php?rest_route=%2Fwp%2Fv2%2Fcategories&post=87609"},{"taxonomy":"post_tag","embeddable":true,"href":"https:\/\/zonaroja.com.mx\/index.php?rest_route=%2Fwp%2Fv2%2Ftags&post=87609"}],"curies":[{"name":"wp","href":"https:\/\/api.w.org\/{rel}","templated":true}]}}