{"id":87615,"date":"2025-12-03T21:24:59","date_gmt":"2025-12-04T03:24:59","guid":{"rendered":"https:\/\/zonaroja.com.mx\/?p=87615"},"modified":"2025-12-03T21:25:02","modified_gmt":"2025-12-04T03:25:02","slug":"vendian-droga-cerca-de-una-secundaria-de-santa-maria-coyotepec-tres-detenidos","status":"publish","type":"post","link":"https:\/\/zonaroja.com.mx\/?p=87615","title":{"rendered":"Vend\u00edan droga cerca de una secundaria de Santa Mar\u00eda Coyotepec; tres detenidos"},"content":{"rendered":"\n<p>Redacci\u00f3n\/Zona Roja.<\/p>\n\n\n\n<p>Oaxaca, Oax., a 3 de diciembre de 2025.- La Fiscal\u00eda General del Estado de Oaxaca (FGEO) obtuvo auto de vinculaci\u00f3n a proceso y prisi\u00f3n preventiva contra tres personas del sexo masculino identificados como J.A.O.V., A.L.G. y F.M.V., por el delito contra la salud en su modalidad de narcomenudeo en la hip\u00f3tesis de suministro de metanfetamina y marihuana, hechos ocurridos en la regi\u00f3n de los Valles Centrales.<\/p>\n\n\n\n<p>De acuerdo con el expediente penal, los sujetos fueron detenidos en inmediaciones de la Escuela Secundaria T\u00e9cnica del municipio de Santa Mar\u00eda Coyotepec, acci\u00f3n realizada por elementos de la Agencia Estatal de Investigaciones (AEI), adscritos a la Vicefiscal\u00eda Regional de Valles Centrales, luego de realizar una revisi\u00f3n de rutina tras observarlos discutiendo en la v\u00eda p\u00fablica.<\/p>\n\n\n\n<p>El informe policial detalla que los imputados adoptaron una actitud agresiva al notar la presencia policial, lo que deriv\u00f3 en una inspecci\u00f3n durante la cual aseguraron decenas de dosis de metanfetamina y marihuana, por lo que fueron detenidos y presentados ante la autoridad correspondiente.&nbsp;<\/p>\n\n\n\n<p>Durante la audiencia, y tras el desahogo de las pruebas presentadas por la FGEO, el Juez de Control dict\u00f3 auto de vinculaci\u00f3n a proceso contra J.A.O.V., A.L.G. y F.M.V. por el delito contra la salud en su modalidad de narcomenudeo en la hip\u00f3tesis de suministro de metanfetamina y cannabis sativa, adem\u00e1s de imponer la medida cautelar de prisi\u00f3n preventiva justificada en el penal de Tanivet y conceder el plazo de un mes para el cierre de la investigaci\u00f3n complementaria.<\/p>\n\n\n\n<p>La Fiscal\u00eda General del Estado de Oaxaca reitera su compromiso de combatir los delitos contra la salud que afectan el tejido social y ponen en riesgo el bienestar de la poblaci\u00f3n oaxaque\u00f1a.<\/p>\n","protected":false},"excerpt":{"rendered":"<p>Redacci\u00f3n\/Zona Roja. Oaxaca, Oax., a 3 de diciembre de 2025.- La Fiscal\u00eda General del Estado&hellip;<\/p>\n","protected":false},"author":2,"featured_media":87616,"comment_status":"closed","ping_status":"open","sticky":false,"template":"","format":"standard","meta":{"_lmt_disableupdate":"","_lmt_disable":"","_jetpack_memberships_contains_paid_content":false,"footnotes":""},"categories":[109,46],"tags":[494],"class_list":["post-87615","post","type-post","status-publish","format-standard","has-post-thumbnail","hentry","category-minuto-a-minuto","category-zona-blanca","tag-fiscalia-general-del-estado-de-oaxaca"],"jetpack_featured_media_url":"https:\/\/zonaroja.com.mx\/wp-content\/uploads\/2025\/12\/Detenidos-narcomenudeo-Coyotepec.jpg","jetpack_sharing_enabled":true,"_links":{"self":[{"href":"https:\/\/zonaroja.com.mx\/index.php?rest_route=\/wp\/v2\/posts\/87615","targetHints":{"allow":["GET"]}}],"collection":[{"href":"https:\/\/zonaroja.com.mx\/index.php?rest_route=\/wp\/v2\/posts"}],"about":[{"href":"https:\/\/zonaroja.com.mx\/index.php?rest_route=\/wp\/v2\/types\/post"}],"author":[{"embeddable":true,"href":"https:\/\/zonaroja.com.mx\/index.php?rest_route=\/wp\/v2\/users\/2"}],"replies":[{"embeddable":true,"href":"https:\/\/zonaroja.com.mx\/index.php?rest_route=%2Fwp%2Fv2%2Fcomments&post=87615"}],"version-history":[{"count":1,"href":"https:\/\/zonaroja.com.mx\/index.php?rest_route=\/wp\/v2\/posts\/87615\/revisions"}],"predecessor-version":[{"id":87617,"href":"https:\/\/zonaroja.com.mx\/index.php?rest_route=\/wp\/v2\/posts\/87615\/revisions\/87617"}],"wp:featuredmedia":[{"embeddable":true,"href":"https:\/\/zonaroja.com.mx\/index.php?rest_route=\/wp\/v2\/media\/87616"}],"wp:attachment":[{"href":"https:\/\/zonaroja.com.mx\/index.php?rest_route=%2Fwp%2Fv2%2Fmedia&parent=87615"}],"wp:term":[{"taxonomy":"category","embeddable":true,"href":"https:\/\/zonaroja.com.mx\/index.php?rest_route=%2Fwp%2Fv2%2Fcategories&post=87615"},{"taxonomy":"post_tag","embeddable":true,"href":"https:\/\/zonaroja.com.mx\/index.php?rest_route=%2Fwp%2Fv2%2Ftags&post=87615"}],"curies":[{"name":"wp","href":"https:\/\/api.w.org\/{rel}","templated":true}]}}