{"id":8762,"date":"2020-02-14T19:50:39","date_gmt":"2020-02-15T01:50:39","guid":{"rendered":"http:\/\/www.zonaroja.com.mx\/?p=8762"},"modified":"2020-02-14T19:50:43","modified_gmt":"2020-02-15T01:50:43","slug":"reconoce-el-inpi-a-trabajadores-de-la-institucion-refrenda-lazos-de-respeto","status":"publish","type":"post","link":"https:\/\/zonaroja.com.mx\/?p=8762","title":{"rendered":"Reconoce el INPI a trabajadores de la instituci\u00f3n; refrenda lazos de respeto"},"content":{"rendered":"\n<p>Redacci\u00f3n\/Zona Roja.<\/p>\n\n\n\n<p>Ciudad de M\u00e9xico, 14 de febrero de\n2020.- La direcci\u00f3n general del Instituto Nacional de los Pueblos Ind\u00edgenas\n(INPI) refrend\u00f3 los lazos de respeto y armon\u00eda, de hermandad y solidaridad con\nlas y los trabajadores del Sindicato de Trabajadores Indigenistas (STI), lo que\npermite cumplir con la noble misi\u00f3n de servir a los pueblos ind\u00edgenas, que hoy\nson prioridad para el gobierno de M\u00e9xico.<\/p>\n\n\n\n<p>Al encabezar la entrega de est\u00edmulos y\nmedallas a mujeres y hombres que han dado toda una vida en la instituci\u00f3n, el\ndirector general, Adelfo Regino Montes, reconoci\u00f3 de manera muy especial a las\ny los trabajadores acreedores a los reconocimientos, tras haber laborado y\nprestado sus servicios a favor de las comunidades ind\u00edgenas.<\/p>\n\n\n\n<p>\u201cMe da mucha emoci\u00f3n saber que hay personas que durante muchos a\u00f1os han estado sirviendo en esta instituci\u00f3n; estamos hablando de toda una vida y hay que reconocerlo con toda la dimensi\u00f3n de la palabra\u201d, dijo.<\/p>\n\n\n\n<figure class=\"wp-block-image\"><img decoding=\"async\" width=\"1024\" height=\"682\" src=\"http:\/\/www.zonaroja.com.mx\/wp-content\/uploads\/2020\/02\/PHOTO-2020-02-14-18-50-47-1-1024x682.jpg\" alt=\"\" class=\"wp-image-8764\" srcset=\"https:\/\/zonaroja.com.mx\/wp-content\/uploads\/2020\/02\/PHOTO-2020-02-14-18-50-47-1-1024x682.jpg 1024w, https:\/\/zonaroja.com.mx\/wp-content\/uploads\/2020\/02\/PHOTO-2020-02-14-18-50-47-1-300x200.jpg 300w, https:\/\/zonaroja.com.mx\/wp-content\/uploads\/2020\/02\/PHOTO-2020-02-14-18-50-47-1-768x512.jpg 768w, https:\/\/zonaroja.com.mx\/wp-content\/uploads\/2020\/02\/PHOTO-2020-02-14-18-50-47-1-1170x780.jpg 1170w, https:\/\/zonaroja.com.mx\/wp-content\/uploads\/2020\/02\/PHOTO-2020-02-14-18-50-47-1-585x390.jpg 585w, https:\/\/zonaroja.com.mx\/wp-content\/uploads\/2020\/02\/PHOTO-2020-02-14-18-50-47-1-263x175.jpg 263w, https:\/\/zonaroja.com.mx\/wp-content\/uploads\/2020\/02\/PHOTO-2020-02-14-18-50-47-1.jpg 1280w\" sizes=\"(max-width: 1024px) 100vw, 1024px\" \/><\/figure>\n\n\n\n<p>Refiri\u00f3 que por encomienda del Presidente\nAndr\u00e9s Manuel L\u00f3pez Obrador, se est\u00e1n recuperando la m\u00edstica y la filosof\u00eda que\ndurante mucho tiempo mantuvo esta instituci\u00f3n, desde su fundaci\u00f3n el 4 de\ndiciembre de 1948, cuando fue creado el Instituto Nacional Indigenista en\ntiempos del presidente Manuel \u00c1vila Camacho, con su primer director Alfonso\nCaso.<\/p>\n\n\n\n<p>\u201cEstamos hablando de una instituci\u00f3n\nque se crea en la era postrevolucionaria para atender un sector marginado de la\nvida nacional, como son nuestros pueblos ind\u00edgenas. Despu\u00e9s se convirti\u00f3, en\n2003, en la Comisi\u00f3n Nacional para el Desarrollo de los Pueblos Ind\u00edgenas y\nrecientemente, desde el 4 de diciembre de 2018, en el Instituto Nacional de los\nPueblos Ind\u00edgenas.\u201d<\/p>\n\n\n\n<p>Destac\u00f3 que muchas y muchos trabajadores iniciaron su carrera desde el entonces Instituto Nacional Indigenista. \u201cHoy felizmente es el Instituto Nacional de los Pueblos Ind\u00edgenas, que recupera la valiosa historia de trabajo y servicio a nuestros pueblos y comunidades.\u201d<\/p>\n\n\n\n<figure class=\"wp-block-image\"><img decoding=\"async\" width=\"1024\" height=\"682\" src=\"http:\/\/www.zonaroja.com.mx\/wp-content\/uploads\/2020\/02\/PHOTO-2020-02-14-18-50-46-1024x682.jpg\" alt=\"\" class=\"wp-image-8765\" srcset=\"https:\/\/zonaroja.com.mx\/wp-content\/uploads\/2020\/02\/PHOTO-2020-02-14-18-50-46-1024x682.jpg 1024w, https:\/\/zonaroja.com.mx\/wp-content\/uploads\/2020\/02\/PHOTO-2020-02-14-18-50-46-300x200.jpg 300w, https:\/\/zonaroja.com.mx\/wp-content\/uploads\/2020\/02\/PHOTO-2020-02-14-18-50-46-768x512.jpg 768w, https:\/\/zonaroja.com.mx\/wp-content\/uploads\/2020\/02\/PHOTO-2020-02-14-18-50-46-1170x780.jpg 1170w, https:\/\/zonaroja.com.mx\/wp-content\/uploads\/2020\/02\/PHOTO-2020-02-14-18-50-46-585x390.jpg 585w, https:\/\/zonaroja.com.mx\/wp-content\/uploads\/2020\/02\/PHOTO-2020-02-14-18-50-46-263x175.jpg 263w, https:\/\/zonaroja.com.mx\/wp-content\/uploads\/2020\/02\/PHOTO-2020-02-14-18-50-46.jpg 1280w\" sizes=\"(max-width: 1024px) 100vw, 1024px\" \/><\/figure>\n\n\n\n<p>Regino Montes record\u00f3 que el Presidente\nL\u00f3pez Obrador inici\u00f3 su carrera como servidor p\u00fablico con el cargo de director\ndel Centro Coordinador Indigenista de Nacajuca, Tabasco, \u2013en la regi\u00f3n maya chontal\u2013\ny ahora la prioridad de su gobierno, como lo ha expresado, son los pueblos y\nlas comunidades ind\u00edgenas.<\/p>\n\n\n\n<p>Acompa\u00f1ado por servidores p\u00fablicos del\nInstituto, as\u00ed como de representantes del comit\u00e9 ejecutivo nacional del\nsindicato, el director general del INPI entreg\u00f3 diplomas por 10 y 15 a\u00f1os de\nservicio, as\u00ed como medallas y est\u00edmulos a quienes han cumplido 20, 25, 30 y\nhasta 35 a\u00f1os de trabajo en la instituci\u00f3n.<\/p>\n\n\n\n<p>Cabe destacar que este mismo d\u00eda se\nentregaron 130 reconocimientos en todo el pa\u00eds a trabajadores de centros\ncoordinadores de pueblos ind\u00edgenas y de oficinas de representaci\u00f3n del INPI.<\/p>\n","protected":false},"excerpt":{"rendered":"<p>Redacci\u00f3n\/Zona Roja. Ciudad de M\u00e9xico, 14 de febrero de 2020.- La direcci\u00f3n general del Instituto&hellip;<\/p>\n","protected":false},"author":2,"featured_media":8763,"comment_status":"closed","ping_status":"open","sticky":false,"template":"","format":"standard","meta":{"_lmt_disableupdate":"","_lmt_disable":"","_jetpack_memberships_contains_paid_content":false,"footnotes":""},"categories":[109,46],"tags":[557,558],"class_list":["post-8762","post","type-post","status-publish","format-standard","has-post-thumbnail","hentry","category-minuto-a-minuto","category-zona-blanca","tag-adelfo-regino-montes","tag-instituto-nacional-de-pueblos-indigenas"],"jetpack_featured_media_url":"https:\/\/zonaroja.com.mx\/wp-content\/uploads\/2020\/02\/PHOTO-2020-02-14-18-50-47.jpg","jetpack_sharing_enabled":true,"_links":{"self":[{"href":"https:\/\/zonaroja.com.mx\/index.php?rest_route=\/wp\/v2\/posts\/8762","targetHints":{"allow":["GET"]}}],"collection":[{"href":"https:\/\/zonaroja.com.mx\/index.php?rest_route=\/wp\/v2\/posts"}],"about":[{"href":"https:\/\/zonaroja.com.mx\/index.php?rest_route=\/wp\/v2\/types\/post"}],"author":[{"embeddable":true,"href":"https:\/\/zonaroja.com.mx\/index.php?rest_route=\/wp\/v2\/users\/2"}],"replies":[{"embeddable":true,"href":"https:\/\/zonaroja.com.mx\/index.php?rest_route=%2Fwp%2Fv2%2Fcomments&post=8762"}],"version-history":[{"count":1,"href":"https:\/\/zonaroja.com.mx\/index.php?rest_route=\/wp\/v2\/posts\/8762\/revisions"}],"predecessor-version":[{"id":8766,"href":"https:\/\/zonaroja.com.mx\/index.php?rest_route=\/wp\/v2\/posts\/8762\/revisions\/8766"}],"wp:featuredmedia":[{"embeddable":true,"href":"https:\/\/zonaroja.com.mx\/index.php?rest_route=\/wp\/v2\/media\/8763"}],"wp:attachment":[{"href":"https:\/\/zonaroja.com.mx\/index.php?rest_route=%2Fwp%2Fv2%2Fmedia&parent=8762"}],"wp:term":[{"taxonomy":"category","embeddable":true,"href":"https:\/\/zonaroja.com.mx\/index.php?rest_route=%2Fwp%2Fv2%2Fcategories&post=8762"},{"taxonomy":"post_tag","embeddable":true,"href":"https:\/\/zonaroja.com.mx\/index.php?rest_route=%2Fwp%2Fv2%2Ftags&post=8762"}],"curies":[{"name":"wp","href":"https:\/\/api.w.org\/{rel}","templated":true}]}}