{"id":87622,"date":"2025-12-04T09:15:00","date_gmt":"2025-12-04T15:15:00","guid":{"rendered":"https:\/\/zonaroja.com.mx\/?p=87622"},"modified":"2025-12-04T06:46:57","modified_gmt":"2025-12-04T12:46:57","slug":"canela-eu-cancela-visa-a-funcionario-de-aduanas-ha-sido-senalado-de-corrupcion","status":"publish","type":"post","link":"https:\/\/zonaroja.com.mx\/?p=87622","title":{"rendered":"Canela EU cancela visa a funcionario de Aduanas; ha sido se\u00f1alado de corrupci\u00f3n\u00a0"},"content":{"rendered":"\n<p>Redacci\u00f3n\/Zona Roja Cdmx.<\/p>\n\n\n\n<p>(Informaci\u00f3n de Pol\u00edtico.Mx)<\/p>\n\n\n\n<p>Ciudad de M\u00e9xico, a 4 de diciembre de 2025.- El Departamento de Estado de Estados Unidos cancel\u00f3 la visa al primer funcionario del Gobierno Federal mexicano. Se trata del director general de Investigaci\u00f3n Aduanera de la Agencia Nacional de Aduanas de M\u00e9xico, Alex Tonatiuh M\u00e1rquez Hern\u00e1ndez.<\/p>\n\n\n\n<p>Las autoridades estadounidenses confirmaron a Milenio que el gobierno revoc\u00f3 la visa al funcionario mexicano, quien cuyas funciones incluyen la investigaci\u00f3n del llamado huachicol fiscal.<\/p>\n\n\n\n<p>La decisi\u00f3n est\u00e1 basada en la Ley de Inmigraci\u00f3n y Nacionalidad de EUA a trav\u00e9s de la que se busca revisar el visado a personas que podr\u00edan representar una amenaza a la seguridad p\u00fablica o que tengan presuntos nexos criminales o terroristas.<\/p>\n\n\n\n<p>De acuerdo con el reporte, M\u00e1rquez Hern\u00e1ndez es el apoderado legal de la empresa ALEDO, de la que es apoderado legal desde el 2 de junio de 2016.<\/p>\n\n\n\n<p>Dicha empresa habr\u00eda simulado operaciones para la importaci\u00f3n de materiales textiles con una empresa colombiana conocida como MATSU S.A. de C.V. que est\u00e1 vinculada con el C\u00e1rtel de Cali, en Colombia.<\/p>\n\n\n\n<p>Esta empresa es acusada por presuntamente lavar dinero a favor del cartel y fue sancionada por Estados Unidos en 2003.<\/p>\n\n\n\n<p>De acuerdo con la informaci\u00f3n, M\u00e1rquez Hern\u00e1ndez asegur\u00f3 que se trataba de un procedimiento administrativo que no afecta su desempe\u00f1o como servidor p\u00fablico.<\/p>\n\n\n\n<p>El director de Investigaci\u00f3n Aduanera de ANAM sostuvo que \u201cen el futuro puede volver a solicitar una visa\u201d.<\/p>\n","protected":false},"excerpt":{"rendered":"<p>Redacci\u00f3n\/Zona Roja Cdmx. (Informaci\u00f3n de Pol\u00edtico.Mx) Ciudad de M\u00e9xico, a 4 de diciembre de 2025.-&hellip;<\/p>\n","protected":false},"author":2,"featured_media":87623,"comment_status":"closed","ping_status":"open","sticky":false,"template":"","format":"standard","meta":{"_lmt_disableupdate":"","_lmt_disable":"","_jetpack_memberships_contains_paid_content":false,"footnotes":""},"categories":[109,47],"tags":[4392],"class_list":["post-87622","post","type-post","status-publish","format-standard","has-post-thumbnail","hentry","category-minuto-a-minuto","category-zona-gris","tag-alex-tonatiuh-marquez"],"jetpack_featured_media_url":"https:\/\/zonaroja.com.mx\/wp-content\/uploads\/2025\/12\/Alex-Tonatihu-Marquez-Aduanas.jpeg.jpg","jetpack_sharing_enabled":true,"_links":{"self":[{"href":"https:\/\/zonaroja.com.mx\/index.php?rest_route=\/wp\/v2\/posts\/87622","targetHints":{"allow":["GET"]}}],"collection":[{"href":"https:\/\/zonaroja.com.mx\/index.php?rest_route=\/wp\/v2\/posts"}],"about":[{"href":"https:\/\/zonaroja.com.mx\/index.php?rest_route=\/wp\/v2\/types\/post"}],"author":[{"embeddable":true,"href":"https:\/\/zonaroja.com.mx\/index.php?rest_route=\/wp\/v2\/users\/2"}],"replies":[{"embeddable":true,"href":"https:\/\/zonaroja.com.mx\/index.php?rest_route=%2Fwp%2Fv2%2Fcomments&post=87622"}],"version-history":[{"count":1,"href":"https:\/\/zonaroja.com.mx\/index.php?rest_route=\/wp\/v2\/posts\/87622\/revisions"}],"predecessor-version":[{"id":87624,"href":"https:\/\/zonaroja.com.mx\/index.php?rest_route=\/wp\/v2\/posts\/87622\/revisions\/87624"}],"wp:featuredmedia":[{"embeddable":true,"href":"https:\/\/zonaroja.com.mx\/index.php?rest_route=\/wp\/v2\/media\/87623"}],"wp:attachment":[{"href":"https:\/\/zonaroja.com.mx\/index.php?rest_route=%2Fwp%2Fv2%2Fmedia&parent=87622"}],"wp:term":[{"taxonomy":"category","embeddable":true,"href":"https:\/\/zonaroja.com.mx\/index.php?rest_route=%2Fwp%2Fv2%2Fcategories&post=87622"},{"taxonomy":"post_tag","embeddable":true,"href":"https:\/\/zonaroja.com.mx\/index.php?rest_route=%2Fwp%2Fv2%2Ftags&post=87622"}],"curies":[{"name":"wp","href":"https:\/\/api.w.org\/{rel}","templated":true}]}}