{"id":87625,"date":"2025-12-04T10:15:00","date_gmt":"2025-12-04T16:15:00","guid":{"rendered":"https:\/\/zonaroja.com.mx\/?p=87625"},"modified":"2025-12-04T06:53:35","modified_gmt":"2025-12-04T12:53:35","slug":"alebrijes-y-nahuales-proyectan-el-arte-popular-mexicano-en-estados-unidos","status":"publish","type":"post","link":"https:\/\/zonaroja.com.mx\/?p=87625","title":{"rendered":"\u00abAlebrijes y Nahuales\u00bb proyectan el arte popular mexicano en Estados Unidos\u00a0"},"content":{"rendered":"\n<p>Lisbeth Mej\u00eda Reyes\/Zona Roja.<\/p>\n\n\n\n<p>Oaxaca, Oax., a 4 de diciembre de 2025.- El legado del maestro artesano Constantino Blas, de San Pedro Cajonos, sigue vigente en su familia.<\/p>\n\n\n\n<p>Pero tambi\u00e9n recorre desde hace meses varias ciudades de Estados Unidos, como parte de la exposici\u00f3n \u00abAlebrijes y Nahuales: animales fant\u00e1sticos de M\u00e9xico\u00bb, en la que se re\u00fanen seis artesanos oaxaque\u00f1os y uno de la Ciudad de M\u00e9xico.<\/p>\n\n\n\n<p>\u00abMi suegra y yo nos sentimos muy orgullosas de mi difunto suegro, un maestro que al principio no fue reconocido. Nadie sab\u00eda de su trabajo hasta ahora\u00bb, expres\u00f3 Mayra Dionisio, nuera de Constantino Blas, y quien junto a los descendientes de este artesano mantiene la tradici\u00f3n de las tallas de madera.<\/p>\n\n\n\n<p>Una de las obras de Constantino Blas fue recreada en una escultura monumental para la exposici\u00f3n que comenz\u00f3 en mayo y seguir\u00e1 su recorrido hasta el 2027 en varias ciudades de Estados Unidos.&nbsp;<\/p>\n\n\n\n<p>En total, son ocho esculturas monumentales de m\u00e1s de seis metros de altura basadas en las obras de los talladores tradicionales de madera: Ang\u00e9lico Jim\u00e9nez, de San Antonio Arrazola, Xoxocotl\u00e1n; Efra\u00edn Fuentes, Mar\u00eda Jim\u00e9nez, Adri\u00e1n Xuana y Margarito Melchor, de San Mart\u00edn Tilcajete, y Constantino Blas, de San Pedro Cajonos. Todos del estado de Oaxaca.<\/p>\n\n\n\n<p>Asimismo, de Leonardo Linares, originario de la Ciudad de M\u00e9xico y descendiente de Pedro Linares. Este \u00faltimo a quien se le atribuye la creaci\u00f3n de los alebrijes tras haberlos so\u00f1ado.<\/p>\n\n\n\n<p>Organizada por el promotor Romain Greco y bajo la curadur\u00eda de Carlomagno Pedro Mart\u00ednez, \u00abAlebrijes y Nahuales\u00bb es un proyecto cultural que \u00abbusca minimizar el rechazo social en Estados Unidos hacia M\u00e9xico\u00bb, se\u00f1alaron el promotor y curador este mi\u00e9rcoles en la ciudad de Oaxaca.<\/p>\n\n\n\n<figure class=\"wp-block-embed is-type-rich is-provider-twitter wp-block-embed-twitter\"><div class=\"wp-block-embed__wrapper\">\n<div class=\"twitter-tweet\"><blockquote class=\"twitter-tweet\" data-lang=\"es\"><p lang=\"es\" dir=\"ltr\"><a href=\"https:\/\/twitter.com\/hashtag\/ENVIVO?src=hash&amp;ref_src=twsrc%5Etfw\">#ENVIVO<\/a><br>Oaxaca.1 Presentaci\u00f3n del proyecto Alebrijes y Nahuales: animales fant\u00e1sticos de M\u00e9xico, que con piezas monumentales creadas por maestros artesanos oaxaque\u00f1os ha recorrido ciudades de Estados Unidos. <a href=\"https:\/\/t.co\/n9jToJVzsE\">https:\/\/t.co\/n9jToJVzsE<\/a><\/p>&mdash; Zona Roja Oaxaca (@ZonaRoja_Oaxaca) <a href=\"https:\/\/twitter.com\/ZonaRoja_Oaxaca\/status\/1996263854553063594?ref_src=twsrc%5Etfw\">3 de diciembre de 2025<\/a><\/blockquote><\/div>\n<\/div><\/figure>\n\n\n\n<p>En conferencia de prensa junto a artesanos participantes y sus familias, destacaron que desde su inauguraci\u00f3n en mayo, en San Francisco, California, y hasta ahora, con su presencia en Fresno, la exposici\u00f3n itinerante ha sido visitada por m\u00e1s de tres millones de personas.<\/p>\n\n\n\n<p>La exposici\u00f3n, explicaron, es una manera de proyectar el arte popular de los pueblos originarios de Oaxaca y de la Ciudad de M\u00e9xico. Tambi\u00e9n una manera de dar cuenta sobre las diferencias entre los alebrijes autor\u00eda de Linares y las tallas de madera que se conocen como tonas y nahuales y que son del estado de Oaxaca.<\/p>\n\n\n\n<p>Para la elaboraci\u00f3n de las escultura en fibra de vidrio, que son copia fiel de las tallas de madera y alebrijes originales de formato peque\u00f1o, se recurri\u00f3 al taller El Volador y el taller Artsumex, de la Ciudad de M\u00e9xico y Tultepec, bajo la supervisi\u00f3n de los artesanos.<\/p>\n\n\n\n<p>Adem\u00e1s de exhibici\u00f3n de las obras, el proyecto de \u00abAlebrijes y Nahuales\u00bb abarca talleres, conferencias, charlas y visitas escolares, con el apoyo de la asociaci\u00f3n civil Fomento Educacional.<\/p>\n\n\n\n<p>El proyecto, explic\u00f3 Carlomagno Pedro Mart\u00ednez, tambi\u00e9n director del Museo Estatal de Arte Popular Oaxaca y Premio Nacional de Ciencias y Artes 2014, es impulsado por la iniciativa privada y no cuenta con ning\u00fan apoyo de los gobiernos estatal de Oaxaca ni del federal.<\/p>\n\n\n\n<p>Sin embargo, es tambi\u00e9n una muestra de que es posible concretar proyectos de gran magnitud de manera independiente, sin sujetarse a reglas sino con el \u00fanico fin de promover el trabajo de las y los artesanos, apunt\u00f3 Romain Greco.<\/p>\n\n\n\n<p>Despu\u00e9s de Fresno, la exposici\u00f3n seguir\u00e1 su camino por Nueva York, Washington,. Boston, Chicago, Austin, Los \u00c1ngeles, Denver, Houston y otras ciudades de Estados Unidos durante los a\u00f1os 2026 y 2027.<\/p>\n","protected":false},"excerpt":{"rendered":"<p>Lisbeth Mej\u00eda Reyes\/Zona Roja. Oaxaca, Oax., a 4 de diciembre de 2025.- El legado del&hellip;<\/p>\n","protected":false},"author":2,"featured_media":87626,"comment_status":"closed","ping_status":"open","sticky":false,"template":"","format":"standard","meta":{"_lmt_disableupdate":"","_lmt_disable":"","_jetpack_memberships_contains_paid_content":false,"footnotes":""},"categories":[109,46],"tags":[4566],"class_list":["post-87625","post","type-post","status-publish","format-standard","has-post-thumbnail","hentry","category-minuto-a-minuto","category-zona-blanca","tag-exposicion-alebrijes-y-naguales"],"jetpack_featured_media_url":"https:\/\/zonaroja.com.mx\/wp-content\/uploads\/2025\/12\/Conferencia-alebrijes-y-nahuales.jpg","jetpack_sharing_enabled":true,"_links":{"self":[{"href":"https:\/\/zonaroja.com.mx\/index.php?rest_route=\/wp\/v2\/posts\/87625","targetHints":{"allow":["GET"]}}],"collection":[{"href":"https:\/\/zonaroja.com.mx\/index.php?rest_route=\/wp\/v2\/posts"}],"about":[{"href":"https:\/\/zonaroja.com.mx\/index.php?rest_route=\/wp\/v2\/types\/post"}],"author":[{"embeddable":true,"href":"https:\/\/zonaroja.com.mx\/index.php?rest_route=\/wp\/v2\/users\/2"}],"replies":[{"embeddable":true,"href":"https:\/\/zonaroja.com.mx\/index.php?rest_route=%2Fwp%2Fv2%2Fcomments&post=87625"}],"version-history":[{"count":1,"href":"https:\/\/zonaroja.com.mx\/index.php?rest_route=\/wp\/v2\/posts\/87625\/revisions"}],"predecessor-version":[{"id":87627,"href":"https:\/\/zonaroja.com.mx\/index.php?rest_route=\/wp\/v2\/posts\/87625\/revisions\/87627"}],"wp:featuredmedia":[{"embeddable":true,"href":"https:\/\/zonaroja.com.mx\/index.php?rest_route=\/wp\/v2\/media\/87626"}],"wp:attachment":[{"href":"https:\/\/zonaroja.com.mx\/index.php?rest_route=%2Fwp%2Fv2%2Fmedia&parent=87625"}],"wp:term":[{"taxonomy":"category","embeddable":true,"href":"https:\/\/zonaroja.com.mx\/index.php?rest_route=%2Fwp%2Fv2%2Fcategories&post=87625"},{"taxonomy":"post_tag","embeddable":true,"href":"https:\/\/zonaroja.com.mx\/index.php?rest_route=%2Fwp%2Fv2%2Ftags&post=87625"}],"curies":[{"name":"wp","href":"https:\/\/api.w.org\/{rel}","templated":true}]}}