{"id":87628,"date":"2025-12-04T11:15:00","date_gmt":"2025-12-04T17:15:00","guid":{"rendered":"https:\/\/zonaroja.com.mx\/?p=87628"},"modified":"2025-12-04T07:19:11","modified_gmt":"2025-12-04T13:19:11","slug":"protestan-pobladores-de-eloxochitlan-en-la-suprema-corte","status":"publish","type":"post","link":"https:\/\/zonaroja.com.mx\/?p=87628","title":{"rendered":"Protestan pobladores de Eloxochitl\u00e1n en la Suprema Corte"},"content":{"rendered":"\n<p>Redacci\u00f3n\/Zona Roja Cdmx.<\/p>\n\n\n\n<p>(Informaci\u00f3n y foto de \u201cLa Jornada\u201d)<\/p>\n\n\n\n<p>Ciudad de M\u00e9xico, a 4 de diciembre de 2025.- Un grito de cultura y de justicia por la comunidad oaxaque\u00f1a de Eloxochitl\u00e1n de Flores Mag\u00f3n reson\u00f3 ayer afuera de la Suprema Corte de Justicia de la Naci\u00f3n (SCJN).<\/p>\n\n\n\n<p>La agrupaci\u00f3n Mazatecas por la Libertad instal\u00f3 una carpa frente al m\u00e1ximo tribunal, donde exhibi\u00f3 una galer\u00eda de c\u00f3dices gr\u00e1ficos que narran una d\u00e9cada de lucha y persecuci\u00f3n pol\u00edtica y judicial, con m\u00e1s de 40 detenciones \u2013la mayor\u00eda ya fueron absueltos\u2013 y m\u00e1s de 200 \u00f3rdenes de aprehensi\u00f3n. La jornada se denomin\u00f3 Faena internacionalista por el fin de la criminalizaci\u00f3n de Eloxochitl\u00e1n de Flores Mag\u00f3n.<\/p>\n\n\n\n<p>Argelia Betanzos, familiar directa de los \u201cpresos pol\u00edticos mazatecos\u201d, abogada comunitaria e integrante de la agrupaci\u00f3n, explic\u00f3 que eligieron ese lugar porque la SCJN tiene facultades para trazar una ruta definitiva que ponga fin a la criminalizaci\u00f3n.&nbsp;<\/p>\n\n\n\n<p>Se\u00f1al\u00f3 que ayer sostuvieron una primera reuni\u00f3n t\u00e9cnica con la Direcci\u00f3n de Atenci\u00f3n Ciudadana, acompa\u00f1adas por abogadas del Instituto Federal de la Defensor\u00eda P\u00fablica, que desde 2022 llevan su causa, tras acreditar violaciones graves al debido proceso y fabricaci\u00f3n de delitos.<\/p>\n\n\n\n<p>En el encuentro \u2013relat\u00f3\u2013, el instituto expuso que no existen pruebas que sostengan los delitos imputados ni responsabilidad de las 14 personas que cumplen una d\u00e9cada en prisi\u00f3n, mientras la Corte reconoci\u00f3 que el problema no radica en la defensa, sino en injerencias externas que han obstaculizado el proceso.<\/p>\n\n\n\n<p>Adelant\u00f3 que hoy sostendr\u00e1n una segunda reuni\u00f3n \u201ccon personas que tienen capacidad de decisi\u00f3n. Nosotras esperamos que se trace la ruta definitiva para dar fin a la criminalizaci\u00f3n\u201d. Entre sus peticiones est\u00e1 la liberaci\u00f3n de Miguel Peralta.<\/p>\n\n\n\n<p>A\u00f1adi\u00f3 que la persecuci\u00f3n responde a un intento hist\u00f3rico del Estado por desarticular a la comunidad e impedir la defensa del territorio, el agua y el r\u00edo.<\/p>\n\n\n\n<p>El C\u00f3dice Katasindaj\u00edn es un proyecto colectivo elaborado por una decena de artistas y mujeres mazatecas para narrar, en formato de \u201cc\u00f3dice-c\u00f3mic\u201d, la historia de lucha y persecuci\u00f3n de la comunidad, explic\u00f3 la artista visual Mine Ante, acad\u00e9mica de la UAM Iztapalapa.<\/p>\n\n\n\n<p>Mediante 14 escenas en ocho cap\u00edtulos, agreg\u00f3, el c\u00f3dice retrata la relaci\u00f3n con el r\u00edo y el territorio, la identidad colectiva, el enfrentamiento con el cacicazgo, la criminalizaci\u00f3n y el trabajo sostenido \u2013principalmente de las mujeres\u2013, acompa\u00f1ado por redes de solidaridad y expresiones art\u00edsticas.<\/p>\n\n\n\n<p>La obra incluye cr\u00edticas a la corrupci\u00f3n en instancias judiciales y gubernamentales que han obstaculizado el acceso a la justicia.<\/p>\n","protected":false},"excerpt":{"rendered":"<p>Redacci\u00f3n\/Zona Roja Cdmx. (Informaci\u00f3n y foto de \u201cLa Jornada\u201d) Ciudad de M\u00e9xico, a 4 de&hellip;<\/p>\n","protected":false},"author":2,"featured_media":87629,"comment_status":"closed","ping_status":"open","sticky":false,"template":"","format":"standard","meta":{"_lmt_disableupdate":"","_lmt_disable":"","_jetpack_memberships_contains_paid_content":false,"footnotes":""},"categories":[109,47],"tags":[719,4444],"class_list":["post-87628","post","type-post","status-publish","format-standard","has-post-thumbnail","hentry","category-minuto-a-minuto","category-zona-gris","tag-eloxochitlan-de-flores-magon","tag-mujeres-mazatecas-por-la-libertad"],"jetpack_featured_media_url":"https:\/\/zonaroja.com.mx\/wp-content\/uploads\/2025\/12\/Protesta-Mazatlan-en-SCJN-Cdmx.jpeg","jetpack_sharing_enabled":true,"_links":{"self":[{"href":"https:\/\/zonaroja.com.mx\/index.php?rest_route=\/wp\/v2\/posts\/87628","targetHints":{"allow":["GET"]}}],"collection":[{"href":"https:\/\/zonaroja.com.mx\/index.php?rest_route=\/wp\/v2\/posts"}],"about":[{"href":"https:\/\/zonaroja.com.mx\/index.php?rest_route=\/wp\/v2\/types\/post"}],"author":[{"embeddable":true,"href":"https:\/\/zonaroja.com.mx\/index.php?rest_route=\/wp\/v2\/users\/2"}],"replies":[{"embeddable":true,"href":"https:\/\/zonaroja.com.mx\/index.php?rest_route=%2Fwp%2Fv2%2Fcomments&post=87628"}],"version-history":[{"count":1,"href":"https:\/\/zonaroja.com.mx\/index.php?rest_route=\/wp\/v2\/posts\/87628\/revisions"}],"predecessor-version":[{"id":87630,"href":"https:\/\/zonaroja.com.mx\/index.php?rest_route=\/wp\/v2\/posts\/87628\/revisions\/87630"}],"wp:featuredmedia":[{"embeddable":true,"href":"https:\/\/zonaroja.com.mx\/index.php?rest_route=\/wp\/v2\/media\/87629"}],"wp:attachment":[{"href":"https:\/\/zonaroja.com.mx\/index.php?rest_route=%2Fwp%2Fv2%2Fmedia&parent=87628"}],"wp:term":[{"taxonomy":"category","embeddable":true,"href":"https:\/\/zonaroja.com.mx\/index.php?rest_route=%2Fwp%2Fv2%2Fcategories&post=87628"},{"taxonomy":"post_tag","embeddable":true,"href":"https:\/\/zonaroja.com.mx\/index.php?rest_route=%2Fwp%2Fv2%2Ftags&post=87628"}],"curies":[{"name":"wp","href":"https:\/\/api.w.org\/{rel}","templated":true}]}}