{"id":87634,"date":"2025-12-04T13:25:00","date_gmt":"2025-12-04T19:25:00","guid":{"rendered":"https:\/\/zonaroja.com.mx\/?p=87634"},"modified":"2025-12-04T07:30:02","modified_gmt":"2025-12-04T13:30:02","slug":"crecio-1-9-la-economia-informal-en-oaxaca-en-segundo-trimestre-del-2025","status":"publish","type":"post","link":"https:\/\/zonaroja.com.mx\/?p=87634","title":{"rendered":"Creci\u00f3 1.9% la econom\u00eda informal en Oaxaca en segundo trimestre del 2025"},"content":{"rendered":"\n<p>Lisbeth Mej\u00eda Reyes\/Zona Roja.<\/p>\n\n\n\n<p>Oaxaca, Oax., a 4 de diciembre de 2025.- La econom\u00eda informal del estado de Oaxaca creci\u00f3 1.9 por ciento al cierre del segundo trimestre del 2025, de acuerdo con el Instituto Nacional de Estad\u00edstica y Geograf\u00eda (Inegi).<\/p>\n\n\n\n<p>En su m\u00e1s reciente reporte sobre las mediciones de la econom\u00eda informal trimestral por entidad federativa, el instituto se\u00f1ala que a nivel nacional el valor de la econom\u00eda informal fue de 6,077,959 millones de pesos. Es decir, 6.07 billones. Esto represent\u00f3 un aumento del 1.9 por ciento anual.<\/p>\n\n\n\n<p>En el caso de Oaxaca, el valor de la econom\u00eda informal fue de 189 mil 312 millones de pesos.<\/p>\n\n\n\n<p>Sin embargo, aun con ese incremento del valor de la econom\u00eda informal, en el estado de Oaxaca tambi\u00e9n se registr\u00f3 una disminuci\u00f3n del 0.7 por ciento de los puestos de trabajo.<\/p>\n\n\n\n<p>En tanto, las remuneraciones de la econom\u00eda informal aumentaron en un 9.2 por ciento para la entidad.<\/p>\n\n\n\n<p>El instituto detalla que \u00abla econom\u00eda informal de M\u00e9xico se integra por el sector informal \u2014que incluye la totalidad de &nbsp;actividades econ\u00f3micas que realizan las empresas sin personalidad jur\u00eddica propiedad de los hogares\u2014 y otras modalidades de la informalidad \u2014aquellas en las cuales las y los trabajadores que laboran en unidades econ\u00f3micas formales no cuentan con seguridad social, ni prestaciones sociales, tales como vacaciones, aguinaldo, liquidaciones por despido, entre otras\u2014\u00bb.<\/p>\n\n\n\n<p>Adem\u00e1s de estas mediciones, el Inegi report\u00f3 recientemente que en el estado de Oaxaca el 80.1 por ciento de su poblaci\u00f3n ocupada est\u00e1 en la informalidad, ya sea porque est\u00e1 en este tipo de actividades o empresas o porque aun cuando est\u00e1 en una empresa formal no tiene prestaciones laborales.<\/p>\n\n\n\n<p>Con ese porcentaje, el estado de Oaxaca nuevamente est\u00e1 en el primer lugar de informalidad laboral del pa\u00eds, de acuerdo con los resultados del tercer trimestre del a\u00f1o de la Encuesta Nacional de Ocupaci\u00f3n y Empleo (ENOE) del Instituto Nacional de Estad\u00edstica y Geograf\u00eda (Inegi).<\/p>\n","protected":false},"excerpt":{"rendered":"<p>Lisbeth Mej\u00eda Reyes\/Zona Roja. Oaxaca, Oax., a 4 de diciembre de 2025.- La econom\u00eda informal&hellip;<\/p>\n","protected":false},"author":2,"featured_media":87635,"comment_status":"closed","ping_status":"open","sticky":false,"template":"","format":"standard","meta":{"_lmt_disableupdate":"","_lmt_disable":"","_jetpack_memberships_contains_paid_content":false,"footnotes":""},"categories":[109,47],"tags":[1843],"class_list":["post-87634","post","type-post","status-publish","format-standard","has-post-thumbnail","hentry","category-minuto-a-minuto","category-zona-gris","tag-comerciantes-ambulantes-ciudad-de-oaxaca"],"jetpack_featured_media_url":"https:\/\/zonaroja.com.mx\/wp-content\/uploads\/2025\/12\/Ambulantes-ciudad-de-Oaxaca.jpg.webp","jetpack_sharing_enabled":true,"_links":{"self":[{"href":"https:\/\/zonaroja.com.mx\/index.php?rest_route=\/wp\/v2\/posts\/87634","targetHints":{"allow":["GET"]}}],"collection":[{"href":"https:\/\/zonaroja.com.mx\/index.php?rest_route=\/wp\/v2\/posts"}],"about":[{"href":"https:\/\/zonaroja.com.mx\/index.php?rest_route=\/wp\/v2\/types\/post"}],"author":[{"embeddable":true,"href":"https:\/\/zonaroja.com.mx\/index.php?rest_route=\/wp\/v2\/users\/2"}],"replies":[{"embeddable":true,"href":"https:\/\/zonaroja.com.mx\/index.php?rest_route=%2Fwp%2Fv2%2Fcomments&post=87634"}],"version-history":[{"count":1,"href":"https:\/\/zonaroja.com.mx\/index.php?rest_route=\/wp\/v2\/posts\/87634\/revisions"}],"predecessor-version":[{"id":87636,"href":"https:\/\/zonaroja.com.mx\/index.php?rest_route=\/wp\/v2\/posts\/87634\/revisions\/87636"}],"wp:featuredmedia":[{"embeddable":true,"href":"https:\/\/zonaroja.com.mx\/index.php?rest_route=\/wp\/v2\/media\/87635"}],"wp:attachment":[{"href":"https:\/\/zonaroja.com.mx\/index.php?rest_route=%2Fwp%2Fv2%2Fmedia&parent=87634"}],"wp:term":[{"taxonomy":"category","embeddable":true,"href":"https:\/\/zonaroja.com.mx\/index.php?rest_route=%2Fwp%2Fv2%2Fcategories&post=87634"},{"taxonomy":"post_tag","embeddable":true,"href":"https:\/\/zonaroja.com.mx\/index.php?rest_route=%2Fwp%2Fv2%2Ftags&post=87634"}],"curies":[{"name":"wp","href":"https:\/\/api.w.org\/{rel}","templated":true}]}}