{"id":87639,"date":"2025-12-04T16:53:50","date_gmt":"2025-12-04T22:53:50","guid":{"rendered":"https:\/\/zonaroja.com.mx\/?p=87639"},"modified":"2025-12-04T16:53:52","modified_gmt":"2025-12-04T22:53:52","slug":"presunto-sicario-principal-de-el-bogar-el-ejecutado-en-san-antonio-de-la-cal-oaxaca","status":"publish","type":"post","link":"https:\/\/zonaroja.com.mx\/?p=87639","title":{"rendered":"Presunto sicario principal de \u201cEl Bogar\u201d, el ejecutado en San Antonio de la Cal, Oaxaca"},"content":{"rendered":"\n<p>Ismael Garc\u00eda M.\/Zona Roja.<\/p>\n\n\n\n<p>Oaxaca, Oax., a 4 de diciembre de 2025.- Como Jes\u00fas P. R., presunto sicario principal de \u201cEl Bogar\u201d, quien es buscado como supuesto cabecilla de un grupo delictivo, fue identificada la persona ejecutada esta tarde en jurisdicci\u00f3n del municipio de San Antonio de la Cal.<\/p>\n\n\n\n<p>En los hechos una mujer result\u00f3 lesionada y otra m\u00e1s sali\u00f3 ilesa del ataque armado contra un coche marca Chevrolet, tipo Chevy, color guinda y con placas de circulaci\u00f3n 522-VRU.<\/p>\n\n\n\n<p>La v\u00edctima y al parecer sus familiares transitaban sobre la avenida S\u00edmbolos Patrios, a la altura del crucero de la agencia La Experimental, cuando fueron acribillados por al menos sujetos a bordo de una motocicleta.<\/p>\n\n\n\n<p>La Fiscal\u00eda General del Estado de Oaxaca (FGEO) confirm\u00f3 el crimen y dio a conocer que inici\u00f3 las investigaciones correspondientes tras el reporte de una agresi\u00f3n con disparos de arma de fuego contra una persona del sexo masculino, quien perdi\u00f3 la vida por estos hechos ocurridos la tarde de este 4 de diciembre de 2025.<\/p>\n\n\n\n<p>Del caso tom\u00f3 conocimiento y despleg\u00f3 a un equipo multidisciplinario encabezado por elementos de la Agencia Estatal de Investigaciones (AEI) que realiza los trabajos periciales y ministeriales en el lugar.<\/p>\n\n\n\n<p>\u201cDe acuerdo con las primeras entrevistas ministeriales, la v\u00edctima fue identificada por las iniciales J.P.R., originario de la regi\u00f3n de la Costa, quien se trasladaba a bordo de un veh\u00edculo tipo Chevy color guinda en compa\u00f1\u00eda de otras personas cuando fue interceptada y atacada con disparos de arma de fuego\u201d, indic\u00f3 en un comunicado.<\/p>\n\n\n\n<p>De acuerdo con informaci\u00f3n hemerogr\u00e1fica y reportes policiacos, Jes\u00fas P. R. es conocido como \u201cChucho Robles\u201d o \u201cEl Pe\u00f1aloza\u201d, es originario de la localidad El Puertecita, del municipio de Santa Mar\u00eda Colotepec, en la regi\u00f3n Costa del estado, desde donde operaba.<\/p>\n\n\n\n<p>Cuenta con al menos cuatro \u00f3rdenes de aprehensi\u00f3n por diversos delitos, entre ellos homicidios y seg\u00fan las fuentes policiacas, era el principal sicario de \u201cEl Bogar\u201d, presunto l\u00edder criminal.<\/p>\n\n\n\n<figure class=\"wp-block-embed is-type-rich is-provider-twitter wp-block-embed-twitter\"><div class=\"wp-block-embed__wrapper\">\n<div class=\"twitter-tweet\"><blockquote class=\"twitter-tweet\" data-lang=\"es\"><p lang=\"es\" dir=\"ltr\"><a href=\"https:\/\/twitter.com\/hashtag\/AlMomento?src=hash&amp;ref_src=twsrc%5Etfw\">#AlMomento<\/a> <br>Como Jes\u00fas P. R., presunto sicario de \u201cEl Bogar\u201d, fue identificada la persona asesinada esta tarde en inmediaciones de la agencia La Experimental, municipio de San Antonio de la Cal. <br>De acuerdo con informaci\u00f3n preliminar, cuenta con al menos cuatro \u00f3rdenes de\u2026 <a href=\"https:\/\/t.co\/FNHLKgitJu\">pic.twitter.com\/FNHLKgitJu<\/a><\/p>&mdash; Zona Roja Oaxaca (@ZonaRoja_Oaxaca) <a href=\"https:\/\/twitter.com\/ZonaRoja_Oaxaca\/status\/1996697973447614537?ref_src=twsrc%5Etfw\">4 de diciembre de 2025<\/a><\/blockquote><\/div>\n<\/div><\/figure>\n","protected":false},"excerpt":{"rendered":"<p>Ismael Garc\u00eda M.\/Zona Roja. Oaxaca, Oax., a 4 de diciembre de 2025.- Como Jes\u00fas P.&hellip;<\/p>\n","protected":false},"author":2,"featured_media":87640,"comment_status":"closed","ping_status":"open","sticky":false,"template":"","format":"standard","meta":{"_lmt_disableupdate":"","_lmt_disable":"","_jetpack_memberships_contains_paid_content":false,"footnotes":""},"categories":[109,51],"tags":[875],"class_list":["post-87639","post","type-post","status-publish","format-standard","has-post-thumbnail","hentry","category-minuto-a-minuto","category-zona-roja","tag-san-antonio-de-la-cal"],"jetpack_featured_media_url":"https:\/\/zonaroja.com.mx\/wp-content\/uploads\/2025\/12\/Ejecutado-el-penaloza-crucero-La-Experimental-San-Antonio-de-la-Cal.jpg","jetpack_sharing_enabled":true,"_links":{"self":[{"href":"https:\/\/zonaroja.com.mx\/index.php?rest_route=\/wp\/v2\/posts\/87639","targetHints":{"allow":["GET"]}}],"collection":[{"href":"https:\/\/zonaroja.com.mx\/index.php?rest_route=\/wp\/v2\/posts"}],"about":[{"href":"https:\/\/zonaroja.com.mx\/index.php?rest_route=\/wp\/v2\/types\/post"}],"author":[{"embeddable":true,"href":"https:\/\/zonaroja.com.mx\/index.php?rest_route=\/wp\/v2\/users\/2"}],"replies":[{"embeddable":true,"href":"https:\/\/zonaroja.com.mx\/index.php?rest_route=%2Fwp%2Fv2%2Fcomments&post=87639"}],"version-history":[{"count":1,"href":"https:\/\/zonaroja.com.mx\/index.php?rest_route=\/wp\/v2\/posts\/87639\/revisions"}],"predecessor-version":[{"id":87641,"href":"https:\/\/zonaroja.com.mx\/index.php?rest_route=\/wp\/v2\/posts\/87639\/revisions\/87641"}],"wp:featuredmedia":[{"embeddable":true,"href":"https:\/\/zonaroja.com.mx\/index.php?rest_route=\/wp\/v2\/media\/87640"}],"wp:attachment":[{"href":"https:\/\/zonaroja.com.mx\/index.php?rest_route=%2Fwp%2Fv2%2Fmedia&parent=87639"}],"wp:term":[{"taxonomy":"category","embeddable":true,"href":"https:\/\/zonaroja.com.mx\/index.php?rest_route=%2Fwp%2Fv2%2Fcategories&post=87639"},{"taxonomy":"post_tag","embeddable":true,"href":"https:\/\/zonaroja.com.mx\/index.php?rest_route=%2Fwp%2Fv2%2Ftags&post=87639"}],"curies":[{"name":"wp","href":"https:\/\/api.w.org\/{rel}","templated":true}]}}