{"id":87642,"date":"2025-12-04T19:22:32","date_gmt":"2025-12-05T01:22:32","guid":{"rendered":"https:\/\/zonaroja.com.mx\/?p=87642"},"modified":"2025-12-04T19:22:36","modified_gmt":"2025-12-05T01:22:36","slug":"medio-ano-despues-gobierno-aun-no-tiene-proyecto-para-rehabilitar-supercarretera","status":"publish","type":"post","link":"https:\/\/zonaroja.com.mx\/?p=87642","title":{"rendered":"Medio a\u00f1o despu\u00e9s, gobierno a\u00fan no tiene proyecto para rehabilitar supercarretera"},"content":{"rendered":"\n<p>Lisbeth Mej\u00eda Reyes\/Zona Roja.<\/p>\n\n\n\n<p>Oaxaca, Oax., a 4 de diciembre de 2025.- A casi seis meses del derrumbe en el t\u00fanel falso \u201cEl Tornillo\u201d, y que dej\u00f3 inoperante la supercarretera Mitla-Tehuantepec, la Secretar\u00eda de Infraestructura, Comunicaciones y Transporte (SICT) a\u00fan no cuenta con el proyecto para modificar el trazo de la v\u00eda.<\/p>\n\n\n\n<p>Este 3 de diciembre, la dependencia federal inform\u00f3 que junto con la empresa concesionaria de la obra ya terminaron los trabajos de campo para el proyecto de modificaci\u00f3n del trazo a trav\u00e9s de un puente sobre el r\u00edo \u201cTehuantepec\u201d.<\/p>\n\n\n\n<p>Sin embargo, el proyecto lleva un avance del 80 por ciento y a\u00fan no hay fecha de inicio de los trabajos de construcci\u00f3n.&nbsp;<\/p>\n\n\n\n<p>La dependencia federal solamente se\u00f1al\u00f3 que se espera comenzar \u00aben breve\u00bb la construcci\u00f3n de ese tramo para reestablecer la comunicaci\u00f3n en la v\u00eda.<\/p>\n\n\n\n<p>Es decir, dej\u00f3 abierta la posibilidad de que las obras sean hasta el pr\u00f3ximo a\u00f1o. En tanto, desde los \u00faltimos d\u00edas de junio el trayecto de la ciudad de Oaxaca hacia la regi\u00f3n Istmo de Tehuantepec sigue siendo por la carretera federal 190, que tambi\u00e9n presenta deterioro y riesgos para usuarios.<\/p>\n\n\n\n<p>Fue tras el pas\u00f3 del hurac\u00e1n \u201cErick\u201d, que impact\u00f3 al estado el 19 de junio de este a\u00f1o, cuando las autoridades estatales y federales reportaron el colapso del t\u00fanel y el cierre a la circulaci\u00f3n vehicular en esta autopista inaugurada apenas cinco meses antes.<\/p>\n\n\n\n<p>La vialidad fue inaugurada el pasado 25 de enero por la presidenta Claudia Sheinbaum y de acuerdo con las autoridades, los da\u00f1os se debieron a los sismos y al hurac\u00e1n \u201cErick\u201d. Debido a la afectaci\u00f3n, el viaje que se pensaba realizar en dos horas y media nuevamente es de seis y hasta ocho horas por la carretera federal 190.<\/p>\n\n\n\n<p>La supercarretera Mitla-Tehuantepec abarca 169 kil\u00f3metros y al igual que la supercarretera a la Costa, su construcci\u00f3n estuvo detenida desde el 2007, hasta que se retom\u00f3 en 2019.&nbsp;<\/p>\n\n\n\n<p>La vialidad est\u00e1 concesionada a Impulsora de Desarrollo de Am\u00e9rica Latina (IDEAL), parte de las empresas de Grupo Carso, del empresario Carlos Slim.<\/p>\n","protected":false},"excerpt":{"rendered":"<p>Lisbeth Mej\u00eda Reyes\/Zona Roja. Oaxaca, Oax., a 4 de diciembre de 2025.- A casi seis&hellip;<\/p>\n","protected":false},"author":2,"featured_media":81760,"comment_status":"closed","ping_status":"open","sticky":false,"template":"","format":"standard","meta":{"_lmt_disableupdate":"","_lmt_disable":"","_jetpack_memberships_contains_paid_content":false,"footnotes":""},"categories":[109,47],"tags":[2953],"class_list":["post-87642","post","type-post","status-publish","format-standard","has-post-thumbnail","hentry","category-minuto-a-minuto","category-zona-gris","tag-supercarretera-oaxaca-istmo"],"jetpack_featured_media_url":"https:\/\/zonaroja.com.mx\/wp-content\/uploads\/2025\/06\/Puente-el-tornillo-derribado-supercarretera-Tehuantepec.jpg","jetpack_sharing_enabled":true,"_links":{"self":[{"href":"https:\/\/zonaroja.com.mx\/index.php?rest_route=\/wp\/v2\/posts\/87642","targetHints":{"allow":["GET"]}}],"collection":[{"href":"https:\/\/zonaroja.com.mx\/index.php?rest_route=\/wp\/v2\/posts"}],"about":[{"href":"https:\/\/zonaroja.com.mx\/index.php?rest_route=\/wp\/v2\/types\/post"}],"author":[{"embeddable":true,"href":"https:\/\/zonaroja.com.mx\/index.php?rest_route=\/wp\/v2\/users\/2"}],"replies":[{"embeddable":true,"href":"https:\/\/zonaroja.com.mx\/index.php?rest_route=%2Fwp%2Fv2%2Fcomments&post=87642"}],"version-history":[{"count":1,"href":"https:\/\/zonaroja.com.mx\/index.php?rest_route=\/wp\/v2\/posts\/87642\/revisions"}],"predecessor-version":[{"id":87643,"href":"https:\/\/zonaroja.com.mx\/index.php?rest_route=\/wp\/v2\/posts\/87642\/revisions\/87643"}],"wp:featuredmedia":[{"embeddable":true,"href":"https:\/\/zonaroja.com.mx\/index.php?rest_route=\/wp\/v2\/media\/81760"}],"wp:attachment":[{"href":"https:\/\/zonaroja.com.mx\/index.php?rest_route=%2Fwp%2Fv2%2Fmedia&parent=87642"}],"wp:term":[{"taxonomy":"category","embeddable":true,"href":"https:\/\/zonaroja.com.mx\/index.php?rest_route=%2Fwp%2Fv2%2Fcategories&post=87642"},{"taxonomy":"post_tag","embeddable":true,"href":"https:\/\/zonaroja.com.mx\/index.php?rest_route=%2Fwp%2Fv2%2Ftags&post=87642"}],"curies":[{"name":"wp","href":"https:\/\/api.w.org\/{rel}","templated":true}]}}