{"id":87657,"date":"2025-12-05T09:15:00","date_gmt":"2025-12-05T15:15:00","guid":{"rendered":"https:\/\/zonaroja.com.mx\/?p=87657"},"modified":"2025-12-05T07:14:49","modified_gmt":"2025-12-05T13:14:49","slug":"cuenca-y-sierra-de-flores-magon-beneficiados-tambien-con-acciones-de-gobierno","status":"publish","type":"post","link":"https:\/\/zonaroja.com.mx\/?p=87657","title":{"rendered":"Cuenca y Sierra de Flores Mag\u00f3n, beneficiados tambi\u00e9n con acciones de gobierno"},"content":{"rendered":"\n<p>Redacci\u00f3n\/Zona Roja.<\/p>\n\n\n\n<p>Oaxaca, Oax., a 5 de diciembre de 2025.- Con la premisa de que el poder solo tiene sentido cuando se pone al servicio de los dem\u00e1s, el gobernador Salom\u00f3n Jara Cruz destac\u00f3 en San Juan Bautista Cuicatl\u00e1n, que su gobierno ha enfocado m\u00e1s de 637 millones de pesos para impulsar el bienestar de las familias de la Sierra de Flores Mag\u00f3n.<\/p>\n\n\n\n<p>Expres\u00f3 que aunque hace falta mucho por hacer, los beneficios son reales y se trabaja intensamente para abatir los rezagos hist\u00f3ricos heredados por las administraciones anteriores.<\/p>\n\n\n\n<p>\u201cTrabajamos como nunca antes y se prioriza a los m\u00e1s pobres. Nuestro gobierno avanza a paso firme en la transformaci\u00f3n de la entidad\u201d, afirm\u00f3 junto a la presidenta honoraria del Sistema DIF Oaxaca, Irma Bola\u00f1os Quijano.&nbsp;<\/p>\n\n\n\n<p>Con un modelo de gobierno cercano a los pueblos y comunidades, este organismo estatal ha invertido m\u00e1s de 77 millones de pesos para favorecer a 27 mil personas con Guisos de mi Pueblo, Itacate de mi Coraz\u00f3n, Latido Nutritivo y otros programas alimentarios.<\/p>\n\n\n\n<p>EN HUAUTLA<\/p>\n\n\n\n<p>En otra actividad, ante el pueblo mazateco proveniente de diversas comunidades de la Sierra de Flores Mag\u00f3n y en un acto democr\u00e1tico y de rendici\u00f3n de cuentas, el gobernador Salom\u00f3n Jara Cruz destac\u00f3 que la atenci\u00f3n educativa es una prioridad de su administraci\u00f3n, por lo que se han canalizado m\u00e1s de 128 millones de pesos para 94 obras de infraestructura.<\/p>\n\n\n\n<p>Acompa\u00f1ado por la presidenta del DIF Oaxaca, Irma Bola\u00f1os Quijano, el mandatario estatal dijo que estas obras contemplan la construcci\u00f3n de aulas, techados, canchas, laboratorios escolares y equipamiento para que ni\u00f1as, ni\u00f1os y j\u00f3venes avancen en su desarrollo personal y profesional.<\/p>\n\n\n\n<p>\u00abEn tres a\u00f1os hemos comenzado a sentar las bases, pero debemos redoblar nuestros esfuerzos para avanzar lo m\u00e1s que se pueda en lo que resta. Todos los compromisos realizados en los municipios se van a cumplir, no habr\u00e1 ninguna obra que no se lleve a cabo. \u201c\u00a1Vamos por m\u00e1s!\u201d, expres\u00f3.<\/p>\n\n\n\n<p>Invit\u00f3 a pobladores y autoridades a caminar juntas y juntos, con la certeza de que Oaxaca puede cambiar y esta regi\u00f3n salga adelante, y sea protagonista incuestionable de esta nueva etapa, sue\u00f1o de los hermanos Flores Mag\u00f3n por una tierra pr\u00f3spera y de bienestar.<\/p>\n\n\n\n<p>EN TUXTEPEC<\/p>\n\n\n\n<p>El gobierno de Oaxaca que encabeza Salom\u00f3n Jara Cruz ha sentado las bases para la transformaci\u00f3n del estado. Durante sus primeros tres a\u00f1os aplic\u00f3 una inversi\u00f3n anual de 750 millones de pesos para el campo, y este 2026 destinar\u00e1 casi el doble, alcanzando, mil 350 millones.<\/p>\n\n\n\n<p>\u201cAunque hemos avanzado mucho, no es suficiente, estoy comprometido a seguir trabajando por todos los pueblos de Oaxaca. \u00a1Vamos hacer de la Cuenca del Papaloapan una hermosa regi\u00f3n, la m\u00e1s pr\u00f3spera, grande, fuerte y segura de toda la entidad y el pa\u00eds!\u201d, destac\u00f3 Jara Cruz en su Gira Estatal de Rendici\u00f3n de Cuentas en San Juan Bautista Tuxtepec. &nbsp;<\/p>\n\n\n\n<p>El gobernante se\u00f1al\u00f3 que su gesti\u00f3n es desde territorio y cercana a los pueblos. Por primera vez, las 570 autoridades municipales pueden certificar que se les ha visitado, se ha trabajado con ellas y que los frutos de la Primavera Oaxaque\u00f1a han llegado a sus comunidades.<\/p>\n\n\n\n<p>Para fortalecer la producci\u00f3n agr\u00edcola de esta regi\u00f3n, caracterizada por su alto potencial en este sector, el Mandatario estatal inform\u00f3 que en esta zona se han beneficiado a m\u00e1s de cuatro mil personas agricultoras con diversos programas.<\/p>\n","protected":false},"excerpt":{"rendered":"<p>Redacci\u00f3n\/Zona Roja. Oaxaca, Oax., a 5 de diciembre de 2025.- Con la premisa de que&hellip;<\/p>\n","protected":false},"author":2,"featured_media":87658,"comment_status":"closed","ping_status":"open","sticky":false,"template":"","format":"standard","meta":{"_lmt_disableupdate":"","_lmt_disable":"","_jetpack_memberships_contains_paid_content":false,"footnotes":""},"categories":[109,46],"tags":[939],"class_list":["post-87657","post","type-post","status-publish","format-standard","has-post-thumbnail","hentry","category-minuto-a-minuto","category-zona-blanca","tag-salomon-jara-cruz"],"jetpack_featured_media_url":"https:\/\/zonaroja.com.mx\/wp-content\/uploads\/2025\/12\/\u00a1Vamos-por-mas-Salomon-Jara-realiza-acciones-que-fortalecen-la-educacion-de-la-Sierra-de-Flores-Magon-2.jpeg","jetpack_sharing_enabled":true,"_links":{"self":[{"href":"https:\/\/zonaroja.com.mx\/index.php?rest_route=\/wp\/v2\/posts\/87657","targetHints":{"allow":["GET"]}}],"collection":[{"href":"https:\/\/zonaroja.com.mx\/index.php?rest_route=\/wp\/v2\/posts"}],"about":[{"href":"https:\/\/zonaroja.com.mx\/index.php?rest_route=\/wp\/v2\/types\/post"}],"author":[{"embeddable":true,"href":"https:\/\/zonaroja.com.mx\/index.php?rest_route=\/wp\/v2\/users\/2"}],"replies":[{"embeddable":true,"href":"https:\/\/zonaroja.com.mx\/index.php?rest_route=%2Fwp%2Fv2%2Fcomments&post=87657"}],"version-history":[{"count":1,"href":"https:\/\/zonaroja.com.mx\/index.php?rest_route=\/wp\/v2\/posts\/87657\/revisions"}],"predecessor-version":[{"id":87659,"href":"https:\/\/zonaroja.com.mx\/index.php?rest_route=\/wp\/v2\/posts\/87657\/revisions\/87659"}],"wp:featuredmedia":[{"embeddable":true,"href":"https:\/\/zonaroja.com.mx\/index.php?rest_route=\/wp\/v2\/media\/87658"}],"wp:attachment":[{"href":"https:\/\/zonaroja.com.mx\/index.php?rest_route=%2Fwp%2Fv2%2Fmedia&parent=87657"}],"wp:term":[{"taxonomy":"category","embeddable":true,"href":"https:\/\/zonaroja.com.mx\/index.php?rest_route=%2Fwp%2Fv2%2Fcategories&post=87657"},{"taxonomy":"post_tag","embeddable":true,"href":"https:\/\/zonaroja.com.mx\/index.php?rest_route=%2Fwp%2Fv2%2Ftags&post=87657"}],"curies":[{"name":"wp","href":"https:\/\/api.w.org\/{rel}","templated":true}]}}