{"id":87660,"date":"2025-12-05T10:15:00","date_gmt":"2025-12-05T16:15:00","guid":{"rendered":"https:\/\/zonaroja.com.mx\/?p=87660"},"modified":"2025-12-05T07:17:52","modified_gmt":"2025-12-05T13:17:52","slug":"abren-inscripciones-para-tradicional-concurso-de-figuras-de-rabanos-2025","status":"publish","type":"post","link":"https:\/\/zonaroja.com.mx\/?p=87660","title":{"rendered":"Abren inscripciones para tradicional Concurso de Figuras de R\u00e1banos 2025"},"content":{"rendered":"\n<p>Redacci\u00f3n\/Zona Roja.<\/p>\n\n\n\n<p>Oaxaca, Oax., a 5 de diciembre de 2025.- El gobierno municipal de Oaxaca de Ju\u00e1rez, en coordinaci\u00f3n con el Gobierno del Estado, anunci\u00f3 la publicaci\u00f3n de la convocatoria 2025 del tradicional Concurso de Figuras de R\u00e1banos, Flor Inmortal y Totomoxtle, una de las celebraciones m\u00e1s emblem\u00e1ticas de la capital oaxaque\u00f1a y parte esencial de la 128 edici\u00f3n de la Noche de R\u00e1banos.<\/p>\n\n\n\n<p>La convocatoria est\u00e1 dirigida a horticultores, artesanas, artesanos y al p\u00fablico en general con residencia en el estado de Oaxaca, quienes podr\u00e1n inscribirse hasta el 15 de diciembre en la Secretar\u00eda de Turismo Municipal, ubicada en la calle Manuel Sabino Crespo 802-A, centro, en un horario de 9:00 a 17:00 horas de lunes a viernes.<\/p>\n\n\n\n<p>Este concurso mantiene vivas las expresiones art\u00edsticas que dan identidad a la ciudad, promoviendo el talento local a trav\u00e9s de tres modalidades: Figuras de R\u00e1banos, Figuras de Flor Inmortal y Figuras de Totomoxtle, cada una con diversas categor\u00edas que abarcan desde la participaci\u00f3n infantil hasta la realizaci\u00f3n de piezas tradicionales y contempor\u00e1neas.<\/p>\n\n\n\n<p>Las obras deber\u00e1n instalarse el 23 de diciembre en el z\u00f3calo de la ciudad, donde se llevar\u00e1 a cabo la exposici\u00f3n y evaluaci\u00f3n por parte del jurado calificador. Posteriormente, durante la ceremonia oficial, se entregar\u00e1n los reconocimientos y est\u00edmulos econ\u00f3micos establecidos en la convocatoria.<\/p>\n\n\n\n<p>El ayuntamiento reiter\u00f3 que esta fiesta decembrina representa una de las tradiciones m\u00e1s queridas de Oaxaca de Ju\u00e1rez, al reunir creatividad, memoria cultural y participaci\u00f3n ciudadana en un escenario \u00fanico que atrae cada a\u00f1o a miles de visitantes.<\/p>\n\n\n\n<p>Las y los interesados pueden consultar las bases completas y descargar la ficha de inscripci\u00f3n a trav\u00e9s del c\u00f3digo QR incluido en la convocatoria oficial.<\/p>\n\n\n\n<figure class=\"wp-block-embed is-type-rich is-provider-twitter wp-block-embed-twitter\"><div class=\"wp-block-embed__wrapper\">\n<div class=\"twitter-tweet\"><blockquote class=\"twitter-tweet\" data-lang=\"es\"><p lang=\"es\" dir=\"ltr\">\ud83c\udf1f \u00a1Se acerca la 128 edici\u00f3n de la Noche de R\u00e1banos! \ud83c\udf1f<br><br>\ud83d\udce3 Ya est\u00e1 disponible la convocatoria 2025 del Concurso de Figuras de R\u00e1banos, Flor Inmortal y Totomoxtle.<br><br>\ud83d\udcc5 Inscripciones abiertas hasta el 15 de diciembre en la Secretar\u00eda de Turismo Municipal. <a href=\"https:\/\/t.co\/Xe6vlXkbfY\">pic.twitter.com\/Xe6vlXkbfY<\/a><\/p>&mdash; Municipio de Oaxaca de Ju\u00e1rez (@MunicipioOaxaca) <a href=\"https:\/\/twitter.com\/MunicipioOaxaca\/status\/1996700480035037288?ref_src=twsrc%5Etfw\">4 de diciembre de 2025<\/a><\/blockquote><\/div>\n<\/div><\/figure>\n","protected":false},"excerpt":{"rendered":"<p>Redacci\u00f3n\/Zona Roja. Oaxaca, Oax., a 5 de diciembre de 2025.- El gobierno municipal de Oaxaca&hellip;<\/p>\n","protected":false},"author":2,"featured_media":75726,"comment_status":"closed","ping_status":"open","sticky":false,"template":"","format":"standard","meta":{"_lmt_disableupdate":"","_lmt_disable":"","_jetpack_memberships_contains_paid_content":false,"footnotes":""},"categories":[109,46],"tags":[2977,148],"class_list":["post-87660","post","type-post","status-publish","format-standard","has-post-thumbnail","hentry","category-minuto-a-minuto","category-zona-blanca","tag-noche-de-rabanos-oaxaca","tag-oaxaca-de-juarez"],"jetpack_featured_media_url":"https:\/\/zonaroja.com.mx\/wp-content\/uploads\/2024\/12\/Todo-listo-para-el-gran-Convite-de-Noche-de-Rabanos-del-Festival-Navideno-6.jpeg","jetpack_sharing_enabled":true,"_links":{"self":[{"href":"https:\/\/zonaroja.com.mx\/index.php?rest_route=\/wp\/v2\/posts\/87660","targetHints":{"allow":["GET"]}}],"collection":[{"href":"https:\/\/zonaroja.com.mx\/index.php?rest_route=\/wp\/v2\/posts"}],"about":[{"href":"https:\/\/zonaroja.com.mx\/index.php?rest_route=\/wp\/v2\/types\/post"}],"author":[{"embeddable":true,"href":"https:\/\/zonaroja.com.mx\/index.php?rest_route=\/wp\/v2\/users\/2"}],"replies":[{"embeddable":true,"href":"https:\/\/zonaroja.com.mx\/index.php?rest_route=%2Fwp%2Fv2%2Fcomments&post=87660"}],"version-history":[{"count":1,"href":"https:\/\/zonaroja.com.mx\/index.php?rest_route=\/wp\/v2\/posts\/87660\/revisions"}],"predecessor-version":[{"id":87661,"href":"https:\/\/zonaroja.com.mx\/index.php?rest_route=\/wp\/v2\/posts\/87660\/revisions\/87661"}],"wp:featuredmedia":[{"embeddable":true,"href":"https:\/\/zonaroja.com.mx\/index.php?rest_route=\/wp\/v2\/media\/75726"}],"wp:attachment":[{"href":"https:\/\/zonaroja.com.mx\/index.php?rest_route=%2Fwp%2Fv2%2Fmedia&parent=87660"}],"wp:term":[{"taxonomy":"category","embeddable":true,"href":"https:\/\/zonaroja.com.mx\/index.php?rest_route=%2Fwp%2Fv2%2Fcategories&post=87660"},{"taxonomy":"post_tag","embeddable":true,"href":"https:\/\/zonaroja.com.mx\/index.php?rest_route=%2Fwp%2Fv2%2Ftags&post=87660"}],"curies":[{"name":"wp","href":"https:\/\/api.w.org\/{rel}","templated":true}]}}