{"id":87662,"date":"2025-12-05T11:15:00","date_gmt":"2025-12-05T17:15:00","guid":{"rendered":"https:\/\/zonaroja.com.mx\/?p=87662"},"modified":"2025-12-05T07:32:53","modified_gmt":"2025-12-05T13:32:53","slug":"detectan-al-menos-cinco-casos-de-intolerancia-religiosa-en-oaxaca","status":"publish","type":"post","link":"https:\/\/zonaroja.com.mx\/?p=87662","title":{"rendered":"Detectan al menos cinco casos de intolerancia religiosa en Oaxaca"},"content":{"rendered":"\n<p>Lisbeth Mej\u00eda Reyes\/Zona Roja. Foto: Archivo.<\/p>\n\n\n\n<p>Oaxaca, Oax., a 5 de diciembre de 2025.- En el estado de Oaxaca persiste la intolerancia religiosa a 165 a\u00f1os de que el ex presidente Benito Ju\u00e1rez promulg\u00f3 la Ley de Libertad de Cultos o de libertad religiosa, afirm\u00f3 Azael Ram\u00edrez Miguel, pastor presbiterial de la Iglesia Cristiana Interdenominacional de Oaxaca.&nbsp;<\/p>\n\n\n\n<p>Tan solo de parte de esta instituci\u00f3n religiosa, se estima que hay cinco casos de familias v\u00edctimas de intolerancia. Uno de ellos es el de San Juan Lalana, en la Cuenca del Papaloapan. Otros dos m\u00e1s est\u00e1n en la regi\u00f3n Sierra de Ju\u00e1rez (antes Norte) y dos m\u00e1s en la Sierra Sur.<\/p>\n\n\n\n<p>Este problema ha derivado en el desplazamiento forzado de al menos 12 personas de San Juan Lalana (espec\u00edficamente de la comunidad Cerro Caj\u00f3n, agencia El Arenal), quienes tras las agresiones de agosto de 2024 no han podido regresar a su comunidad. A estas familias de la Iglesia Cristiana Interdenominacional les quitaron su ganado y sus viviendas y quemaron su templo.<\/p>\n\n\n\n<p>El da\u00f1o para ellas, apunt\u00f3, sigue sin poder ser cuantificado por parte de la Fiscal\u00eda General del Estado de Oaxaca, que ha tratado de ingresar a la comunidad sin \u00e9xito. Aun as\u00ed, estima que las p\u00e9rdidas materiales son millonarias.<\/p>\n\n\n\n<p>Frente a esto, Ram\u00edrez Miguel exigi\u00f3 a la autoridades estatales y federales mayor compromiso para resolver los conflictos.<\/p>\n\n\n\n<p>En el asunto de San Juan Lalana, dijo, algunas de las personas desplazadas est\u00e1n en un municipio cercano que pertenece a Oaxaca y otras tuvieron que trasladarse a otro municipio, pero del estado de Veracruz.&nbsp;<\/p>\n\n\n\n<p>\u00abEsto con la idea de estar resguardados, pero tambi\u00e9n para seguir buscando una soluci\u00f3n al conflicto. No han regresado, tampoco les han regresado sus bienes, todo est\u00e1 perdido, no ha habido ninguna reconstrucci\u00f3n, no hay ning\u00fan avance en el sentido de que ellos puedan regresar\u00bb, expres\u00f3 en entrevista tras la conmemoraci\u00f3n del 165 aniversario de la Ley de Libertad de Cultos, promulgada por el Benem\u00e9rito de las Am\u00e9ricas el 4 de diciembre de 1860.<\/p>\n\n\n\n<p>Los riesgos por la intolerancia religiosa no son solo para integrantes de la Iglesia Cristiana Interdenominacional sino para otras personas de otras religiones y en distintos lugares de la entidad, explic\u00f3 tras evento realizado en el parque El Llano, ciudad de Oaxaca, junto al monumento a Benito Ju\u00e1rez.<\/p>\n\n\n\n<p>\u00abHace poco tuvimos el conocimiento de otro problema aqu\u00ed en Valles Centrales, muy cerca (de la ciudad de Oaxaca), donde hab\u00eda una amenaza a una familia por parte de la poblaci\u00f3n que en un acta de asamblea determin\u00f3 expulsar o sancionar a quienes no participaran en las actividades religiosas que ellos promueven\u00bb, detall\u00f3.<\/p>\n\n\n\n<p>En el caso de Lalana, reiter\u00f3 que el trabajo va muy lento, aunque ya hubo un acercamiento con la Comisi\u00f3n Estatal de V\u00edctimas. \u00abLo que nosotros quisi\u00e9ramos es que se entablaran las negociaciones, el di\u00e1logo m\u00e1s cercano. Aun cuando ya tuvimos una pl\u00e1tica con las autoridades, el presidente municipal de Lalana, y de parte de \u00e9l vimos la disposici\u00f3n colaborar, pero no avanzamos m\u00e1s all\u00e1\u00bb.<\/p>\n\n\n\n<p>OBST\u00c1CULO PARA RESPETO<\/p>\n\n\n\n<p>Aunque la Constituci\u00f3n Pol\u00edtica de M\u00e9xico establece la libertad religiosa o de culto, el pastor detall\u00f3 que los problemas son las asambleas de los municipios que se rien por Sistemas Normativos Internos o usos y costumbres, pues pasan por encima de los derechos humanos.<\/p>\n\n\n\n<p>\u00abAqu\u00ed el asunto de la ley es muy claro, sin embargo, usos y costumbres con sus actas de asamblea rebasan o no conocen lo que est\u00e1 en la Constituci\u00f3n diciendo que lo que a ellos les parece firme o ampara es un acta de asamblea. Ese es el problema que nosotros tenemos\u00bb, expres\u00f3.<\/p>\n\n\n\n<p>Lo que se necesita, dijo, es que a las autoridades de esos municipios de Sistemas Normativos Internos o usos y costumbres se les pueda dar una pl\u00e1tica no solo para sensibilizarlas sino para que conozcan lo que es la ley y c\u00f3mo los usos y costumbres no pueden estar por encima de la Constituci\u00f3n. Por ejemplo, en el tema de los cargos civiles y religiosos (de la iglesia cat\u00f3lica) que en estas comunidades se mezclan.<\/p>\n\n\n\n<p>\u00abA tantos a\u00f1os de la promulgaci\u00f3n de la ley que hoy se conemora, persiste la intolerancia religiosa y eso es un rezago en la sociedad aunque no quisi\u00e9ramos verlo\u00bb, subray\u00f3.<\/p>\n","protected":false},"excerpt":{"rendered":"<p>Lisbeth Mej\u00eda Reyes\/Zona Roja. Foto: Archivo. Oaxaca, Oax., a 5 de diciembre de 2025.- En&hellip;<\/p>\n","protected":false},"author":2,"featured_media":71728,"comment_status":"closed","ping_status":"open","sticky":false,"template":"","format":"standard","meta":{"_lmt_disableupdate":"","_lmt_disable":"","_jetpack_memberships_contains_paid_content":false,"footnotes":""},"categories":[109,46],"tags":[1372],"class_list":["post-87662","post","type-post","status-publish","format-standard","has-post-thumbnail","hentry","category-minuto-a-minuto","category-zona-blanca","tag-intolerancia-religiosa-oaxaca"],"jetpack_featured_media_url":"https:\/\/zonaroja.com.mx\/wp-content\/uploads\/2024\/08\/Incendio-templo-evangelico-Cerro-Cajon-Lalana.jpg","jetpack_sharing_enabled":true,"_links":{"self":[{"href":"https:\/\/zonaroja.com.mx\/index.php?rest_route=\/wp\/v2\/posts\/87662","targetHints":{"allow":["GET"]}}],"collection":[{"href":"https:\/\/zonaroja.com.mx\/index.php?rest_route=\/wp\/v2\/posts"}],"about":[{"href":"https:\/\/zonaroja.com.mx\/index.php?rest_route=\/wp\/v2\/types\/post"}],"author":[{"embeddable":true,"href":"https:\/\/zonaroja.com.mx\/index.php?rest_route=\/wp\/v2\/users\/2"}],"replies":[{"embeddable":true,"href":"https:\/\/zonaroja.com.mx\/index.php?rest_route=%2Fwp%2Fv2%2Fcomments&post=87662"}],"version-history":[{"count":1,"href":"https:\/\/zonaroja.com.mx\/index.php?rest_route=\/wp\/v2\/posts\/87662\/revisions"}],"predecessor-version":[{"id":87663,"href":"https:\/\/zonaroja.com.mx\/index.php?rest_route=\/wp\/v2\/posts\/87662\/revisions\/87663"}],"wp:featuredmedia":[{"embeddable":true,"href":"https:\/\/zonaroja.com.mx\/index.php?rest_route=\/wp\/v2\/media\/71728"}],"wp:attachment":[{"href":"https:\/\/zonaroja.com.mx\/index.php?rest_route=%2Fwp%2Fv2%2Fmedia&parent=87662"}],"wp:term":[{"taxonomy":"category","embeddable":true,"href":"https:\/\/zonaroja.com.mx\/index.php?rest_route=%2Fwp%2Fv2%2Fcategories&post=87662"},{"taxonomy":"post_tag","embeddable":true,"href":"https:\/\/zonaroja.com.mx\/index.php?rest_route=%2Fwp%2Fv2%2Ftags&post=87662"}],"curies":[{"name":"wp","href":"https:\/\/api.w.org\/{rel}","templated":true}]}}