{"id":87667,"date":"2025-12-05T12:49:00","date_gmt":"2025-12-05T18:49:00","guid":{"rendered":"https:\/\/zonaroja.com.mx\/?p=87667"},"modified":"2025-12-05T07:59:34","modified_gmt":"2025-12-05T13:59:34","slug":"respalda-gobierno-recuperacion-economica-de-la-costa-con-17-mdp","status":"publish","type":"post","link":"https:\/\/zonaroja.com.mx\/?p=87667","title":{"rendered":"Respalda gobierno recuperaci\u00f3n econ\u00f3mica de la Costa, con 17 mdp"},"content":{"rendered":"\n<p>Redacci\u00f3n\/Zona Roja.<\/p>\n\n\n\n<p>Oaxaca, Oax., a 5 de diciembre de 2025.- El Gobierno del Estado de Oaxaca impuls\u00f3 la entrega de 571 cr\u00e9ditos por un monto superior a los 17 millones de pesos para Micro, Peque\u00f1as y Medianas Empresas (Mipymes) de Santiago Pinotepa Nacional afectadas por el hurac\u00e1n \u201cErick\u201d y que forman parte de la cadena de valor tur\u00edstica.<\/p>\n\n\n\n<p>La secretaria de Turismo del estado, Saymi Pineda Velasco, inform\u00f3 que estos cr\u00e9ditos fueron otorgados a trav\u00e9s del programa \u201cEsperanza 4\u201d de Financiera para el Bienestar (Finabien), cada uno con un monto de 30 mil pesos.<\/p>\n\n\n\n<p>Se\u00f1al\u00f3 que, gracias al trabajo coordinado con la Secretar\u00eda de Desarrollo Econ\u00f3mico (Sedeco), fue posible gestionar estos apoyos para dar seguimiento a la instrucci\u00f3n del Gobernador del Estado, Salom\u00f3n Jara Cruz, de impulsar acciones que reactiven la econom\u00eda de las comunidades afectadas por este fen\u00f3meno meteorol\u00f3gico.<\/p>\n\n\n\n<p>Con la presencia del presidente municipal de Pinotepa, H\u00e9ctor Domingo Ba\u00f1os Toscano, la titular de Sectur Oaxaca reafirm\u00f3 el compromiso de la Primavera Oaxaque\u00f1a de acercar los apoyos a quienes m\u00e1s los necesitan.<\/p>\n\n\n\n<p>Asimismo, Pineda Velasco encabez\u00f3 la entrega de 10 cr\u00e9ditos de 20 mil pesos a casa beneficiado, a trav\u00e9s de BanOaxaca del Fideicomiso de Fomento para el Estado de Oaxaca (Fifeo), como parte del programa \u201cFomentando el Desarrollo de Oaxaca\u201d.<\/p>\n\n\n\n<p>Estos cr\u00e9ditos fueron destinados a personas f\u00edsicas y morales, as\u00ed como a Mipymes del sector tur\u00edstico y actividades relacionadas, que se encuentran en condici\u00f3n de vulnerabilidad econ\u00f3mica a consecuencia del hurac\u00e1n \u201cErick\u201d.&nbsp;<\/p>\n\n\n\n<p>Los recursos podr\u00e1n utilizarse para capital de trabajo, adquisici\u00f3n de materias primas, pago de salarios, gastos directos de operaci\u00f3n, as\u00ed como la compra de maquinaria, equipo, herramientas y mobiliario.<\/p>\n\n\n\n<p>BALLENA FEST<\/p>\n\n\n\n<p>Por otra parte, la Secretar\u00eda de Turismo del Estado invita a la poblaci\u00f3n a disfrutar de la primera edici\u00f3n del Ballena Fest 2025, que se celebrar\u00e1 del 5 al 7 de diciembre en Puerto \u00c1ngel, perteneciente a San Pedro Pochutla.<\/p>\n\n\n\n<p>La dependencia indic\u00f3 que la temporada de avistamiento de ballenas jorobadas ya inici\u00f3 en la costa oaxaque\u00f1a y, para resaltar la importancia de estos mam\u00edferos en los ecosistemas marinos y promover su preservaci\u00f3n, el evento tendr\u00e1 una serie de actividades cient\u00edficas, culturales, deportivas y art\u00edsticas.<\/p>\n\n\n\n<p>Este viernes, a las 16:30 horas se realizar\u00e1 un desfile cultural que dar\u00e1 paso a la inauguraci\u00f3n oficial a las 17:40 horas; en los d\u00edas siguientes habr\u00e1 concursos gastron\u00f3micos, torneos deportivos, talleres de educaci\u00f3n ambiental y conciertos. La programaci\u00f3n completa podr\u00e1 consultarse en la p\u00e1gina oficial de Facebook de la Sectur Oaxaca.<\/p>\n\n\n\n<p>Quienes asistan conocer\u00e1n m\u00e1s sobre la ballena jorobada, ejemplares que pueden alcanzar hasta 15 metros de longitud y que cada a\u00f1o viajan desde aguas fr\u00edas hacia zonas m\u00e1s c\u00e1lidas rumbo a Centroam\u00e9rica, y que durante su paso por la Costa pueden observarse en actividades de cortejo, reproducci\u00f3n, alimentaci\u00f3n o en el nacimiento de sus cr\u00edas.<\/p>\n\n\n\n<p>GUELAGUETZA DE LA CHINANTLA<\/p>\n\n\n\n<p>Y todo est\u00e1 listo para celebrar este s\u00e1bado 6 de diciembre, la primera edici\u00f3n de la Guelaguetza de la Chinantla 2025 en San Juan Bautista Tuxtepec, con la presentaci\u00f3n de 11 delegaciones en el Lienzo Charro, a partir de las 17:00 horas.<\/p>\n\n\n\n<p>La Secretar\u00eda de Turismo del Estado (Sectur Oaxaca) invita a locales y turistas nacionales e internacionales, a sumarse a este festejo que iniciar\u00e1 con una Calenda de las Culturas a las 16:00 horas, desde el Parque Piragua.<\/p>\n\n\n\n<p>San Juan Bautista Tuxtepec; San Lucas Ojitl\u00e1n, San Felipe Jalapa de D\u00edaz; San Juan Bautista Valle Nacional; Loma Bonita; San Pedro Ixcatl\u00e1n; Montenegro Santiago Jocotepec y San Felipe Usila, compartir\u00e1n al ritmo de sus bailes, la riqueza de sus tradiciones y sus atav\u00edos de textiles artesanales.<\/p>\n\n\n\n<p>Heroica Ciudad de Ejutla de Crespo, Heroica Ciudad de Huajuapan de Le\u00f3n y San Pedro Pochutla, con sus sones y jarabes tradicionales, participar\u00e1n como delegaciones invitadas para sumar colorido y alegr\u00eda a la fiesta de la Chinantla.<\/p>\n\n\n\n<p>Previo a la fiesta de la hermandad, el 5 de diciembre en el Recinto Ferial de Tuxtepec se inaugurar\u00e1n los stands de las poblaciones de la Ruta de la Chinantla, que ofrecer\u00e1n sus productos m\u00e1s representativos.<\/p>\n","protected":false},"excerpt":{"rendered":"<p>Redacci\u00f3n\/Zona Roja. Oaxaca, Oax., a 5 de diciembre de 2025.- El Gobierno del Estado de&hellip;<\/p>\n","protected":false},"author":2,"featured_media":87668,"comment_status":"closed","ping_status":"open","sticky":false,"template":"","format":"standard","meta":{"_lmt_disableupdate":"","_lmt_disable":"","_jetpack_memberships_contains_paid_content":false,"footnotes":""},"categories":[109,46],"tags":[1031],"class_list":["post-87667","post","type-post","status-publish","format-standard","has-post-thumbnail","hentry","category-minuto-a-minuto","category-zona-blanca","tag-secretaria-de-turismo-oaxaca"],"jetpack_featured_media_url":"https:\/\/zonaroja.com.mx\/wp-content\/uploads\/2025\/12\/Entregan-Gobierno-de-Oaxaca-y-Finabien-mas-de-500-Creditos-Esperanza-a-pequenos-negocios-de-Pinotepa-Nacional.jpeg","jetpack_sharing_enabled":true,"_links":{"self":[{"href":"https:\/\/zonaroja.com.mx\/index.php?rest_route=\/wp\/v2\/posts\/87667","targetHints":{"allow":["GET"]}}],"collection":[{"href":"https:\/\/zonaroja.com.mx\/index.php?rest_route=\/wp\/v2\/posts"}],"about":[{"href":"https:\/\/zonaroja.com.mx\/index.php?rest_route=\/wp\/v2\/types\/post"}],"author":[{"embeddable":true,"href":"https:\/\/zonaroja.com.mx\/index.php?rest_route=\/wp\/v2\/users\/2"}],"replies":[{"embeddable":true,"href":"https:\/\/zonaroja.com.mx\/index.php?rest_route=%2Fwp%2Fv2%2Fcomments&post=87667"}],"version-history":[{"count":1,"href":"https:\/\/zonaroja.com.mx\/index.php?rest_route=\/wp\/v2\/posts\/87667\/revisions"}],"predecessor-version":[{"id":87669,"href":"https:\/\/zonaroja.com.mx\/index.php?rest_route=\/wp\/v2\/posts\/87667\/revisions\/87669"}],"wp:featuredmedia":[{"embeddable":true,"href":"https:\/\/zonaroja.com.mx\/index.php?rest_route=\/wp\/v2\/media\/87668"}],"wp:attachment":[{"href":"https:\/\/zonaroja.com.mx\/index.php?rest_route=%2Fwp%2Fv2%2Fmedia&parent=87667"}],"wp:term":[{"taxonomy":"category","embeddable":true,"href":"https:\/\/zonaroja.com.mx\/index.php?rest_route=%2Fwp%2Fv2%2Fcategories&post=87667"},{"taxonomy":"post_tag","embeddable":true,"href":"https:\/\/zonaroja.com.mx\/index.php?rest_route=%2Fwp%2Fv2%2Ftags&post=87667"}],"curies":[{"name":"wp","href":"https:\/\/api.w.org\/{rel}","templated":true}]}}