{"id":8767,"date":"2020-02-14T19:59:02","date_gmt":"2020-02-15T01:59:02","guid":{"rendered":"http:\/\/www.zonaroja.com.mx\/?p=8767"},"modified":"2020-02-14T19:59:04","modified_gmt":"2020-02-15T01:59:04","slug":"denuncian-a-elpidio-concha-por-saqueo-y-abuso-de-autoridad-en-cuicatlan","status":"publish","type":"post","link":"https:\/\/zonaroja.com.mx\/?p=8767","title":{"rendered":"Denuncian a Elpidio Concha por saqueo y abuso de autoridad en Cuicatl\u00e1n"},"content":{"rendered":"\n<p>Yuridiana Sosa\/Zona Roja.<\/p>\n\n\n\n<p>Oaxaca de Ju\u00e1rez, Oax., 14 de febrero\nde 2020.- Pobladores y representantes del comisariado ejidal de San Pedro\nChicozapotes, del municipio de San Juan Bautista Cuicatl\u00e1n, denunciaron el\nsaqueo p\u00e9treo, invasi\u00f3n de predios ejidales y federales, por parte del ex\ndiputado del PRI y ex delegado de la Sedatu, Elpidio Concha Arrellano.<\/p>\n\n\n\n<p>Las autoridades ejidatarias demandaron\na las autoridades federales, como la Procuradur\u00eda Agraria, Secretar\u00eda de Medio\nAmbiente y Recursos Naturales; Procuradur\u00eda Federal de Protecci\u00f3n al Ambiente\n(Profepa) y a la Secretar\u00eda de Comunicaci\u00f3n y Transporte soluci\u00f3n inmediata a\nlos diferentes procedimientos interpuestos.<\/p>\n\n\n\n<p>El ex servidor p\u00fablico es se\u00f1alado de\napoderarse de al menos unas 200 hect\u00e1reas por medio de la falsificaci\u00f3n de\ndocumentos y firmas que lo acreditan con el dominio pleno de esos terrenos que\nprimero fueron ejidales; acto que fueron celebrados durante y posterior a su\nperiodo como diputado federal.<\/p>\n\n\n\n<p>El presidente del comisariado ejidal de\nSan Pedro Chicozapotes, Eduardo Alonso, destac\u00f3 diferentes actos arbitrarios\npor parte del tambi\u00e9n ex delegado de la Secretar\u00eda de Desarrollo Agrario,\nTerritorial y Urbano (Sedatu).<\/p>\n\n\n\n<p>En el caso del predio, puntualiz\u00f3 que\nel ex funcionario aprovech\u00f3 para la instalaci\u00f3n de una gasolinera y una\ngravera, as\u00ed como cerr\u00f3 el paso f\u00e9rreo y levant\u00f3 los rieles, hecho ocurrido\ndesde el a\u00f1o 2010 mientras fung\u00eda como diputado federal.<\/p>\n\n\n\n<p>EXPLOTACI\u00d3N DEL R\u00cdO<\/p>\n\n\n\n<p>Entre los actos arbitrarios que\nprovocan mayor inconformidad entre la poblaci\u00f3n es la extracci\u00f3n de material\np\u00e9treo del r\u00edo \u201cGrande\u201d desde hace dos a\u00f1os, lo cual ya fue denunciado ante la\nSecretar\u00eda de Medio Ambiente y Recursos Naturales y La Procuradur\u00eda Federal de\nProtecci\u00f3n al Ambiente (Profepa).<\/p>\n\n\n\n<p>Concha Arellano, indic\u00f3 el\nrepresentante del comisariado, ha lanzado amenazas a la poblaci\u00f3n por oponerse\na sus actividades, e incluso ha intentado desestabilizar a la poblaci\u00f3n con un\ngrupo de choque que el pasado mes de septiembre impidieron una asamblea\ngeneral.<\/p>\n\n\n\n<p>La Semarnat notific\u00f3 a los pobladores\nque el ex diputado no cuenta con ninguna concesi\u00f3n, pero su hijo Elpidio Concha\nOjeda cuenta con apenas una solicitud.<\/p>\n","protected":false},"excerpt":{"rendered":"<p>Yuridiana Sosa\/Zona Roja. Oaxaca de Ju\u00e1rez, Oax., 14 de febrero de 2020.- Pobladores y representantes&hellip;<\/p>\n","protected":false},"author":2,"featured_media":8768,"comment_status":"closed","ping_status":"open","sticky":false,"template":"","format":"standard","meta":{"_lmt_disableupdate":"","_lmt_disable":"","_jetpack_memberships_contains_paid_content":false,"footnotes":""},"categories":[109,47],"tags":[1375,1374],"class_list":["post-8767","post","type-post","status-publish","format-standard","has-post-thumbnail","hentry","category-minuto-a-minuto","category-zona-gris","tag-elpidio-concha-arellano","tag-san-pedro-chicozapotes"],"jetpack_featured_media_url":"https:\/\/zonaroja.com.mx\/wp-content\/uploads\/2020\/02\/Elpidio-Concha-Arellano.jpg","jetpack_sharing_enabled":true,"_links":{"self":[{"href":"https:\/\/zonaroja.com.mx\/index.php?rest_route=\/wp\/v2\/posts\/8767","targetHints":{"allow":["GET"]}}],"collection":[{"href":"https:\/\/zonaroja.com.mx\/index.php?rest_route=\/wp\/v2\/posts"}],"about":[{"href":"https:\/\/zonaroja.com.mx\/index.php?rest_route=\/wp\/v2\/types\/post"}],"author":[{"embeddable":true,"href":"https:\/\/zonaroja.com.mx\/index.php?rest_route=\/wp\/v2\/users\/2"}],"replies":[{"embeddable":true,"href":"https:\/\/zonaroja.com.mx\/index.php?rest_route=%2Fwp%2Fv2%2Fcomments&post=8767"}],"version-history":[{"count":1,"href":"https:\/\/zonaroja.com.mx\/index.php?rest_route=\/wp\/v2\/posts\/8767\/revisions"}],"predecessor-version":[{"id":8769,"href":"https:\/\/zonaroja.com.mx\/index.php?rest_route=\/wp\/v2\/posts\/8767\/revisions\/8769"}],"wp:featuredmedia":[{"embeddable":true,"href":"https:\/\/zonaroja.com.mx\/index.php?rest_route=\/wp\/v2\/media\/8768"}],"wp:attachment":[{"href":"https:\/\/zonaroja.com.mx\/index.php?rest_route=%2Fwp%2Fv2%2Fmedia&parent=8767"}],"wp:term":[{"taxonomy":"category","embeddable":true,"href":"https:\/\/zonaroja.com.mx\/index.php?rest_route=%2Fwp%2Fv2%2Fcategories&post=8767"},{"taxonomy":"post_tag","embeddable":true,"href":"https:\/\/zonaroja.com.mx\/index.php?rest_route=%2Fwp%2Fv2%2Ftags&post=8767"}],"curies":[{"name":"wp","href":"https:\/\/api.w.org\/{rel}","templated":true}]}}