{"id":87687,"date":"2025-12-05T20:39:26","date_gmt":"2025-12-06T02:39:26","guid":{"rendered":"https:\/\/zonaroja.com.mx\/?p=87687"},"modified":"2025-12-05T20:39:30","modified_gmt":"2025-12-06T02:39:30","slug":"habitantes-de-santa-cruz-amilpas-protestan-de-nuevo-contra-el-edil","status":"publish","type":"post","link":"https:\/\/zonaroja.com.mx\/?p=87687","title":{"rendered":"Habitantes de Santa Cruz Amilpas protestan de nuevo contra el edil"},"content":{"rendered":"\n<p>Lisbeth Mej\u00eda Reyes\/Zona Roja.<\/p>\n\n\n\n<p>Oaxaca, Oax., a 5 de diciembre de 2025.- \u201d\u00a1Todos los que estamos aqu\u00ed es porque pagamos puntualmente, por eso estamos exigiendo el servicio!\u00bb.&nbsp;<\/p>\n\n\n\n<p>Con reclamos, la ciudadan\u00eda de Santa Cruz Amilpas confront\u00f3 al edil Cristian Baruch Castellanos por la falta de agua potable que padecen desde hace varias semanas e incluso m\u00e1s del mes.<\/p>\n\n\n\n<p>La manifestaci\u00f3n es la segunda en menos de una semana en contra de la autoridad de este municipio cercano a la ciudad de Oaxaca.&nbsp;<\/p>\n\n\n\n<p>Sin embargo, ahora escal\u00f3 hasta un bloqueo en la avenida Ferrocarril, debido a la falta de soluciones del presidente, quien est\u00e1 en su cuarto a\u00f1o de gesti\u00f3n tras reelegirse por un trienio m\u00e1s.<\/p>\n\n\n\n<p>\u00ab\u00a1En enero no paguen nada!\u00bb Esa era la propuesta de una ciudadana frente al palacio municipal mientras confrontaba al edil. Con las manos cruzadas, Cristian Baruch solamente escuchaba los reclamos de la multitud, que era de aproximadamente 100 o m\u00e1s habitantes del casco municipal.<\/p>\n\n\n\n<p>En tanto, un regidor apoyaba la manifestaci\u00f3n y explicaba sobre el derecho al agua y la obligaci\u00f3n de los ayuntamientos de garantizarlo, tal como lo marca la Constituci\u00f3n. Tambi\u00e9n manifestaba que a pesar de sus propuestas en el cabildo para atender el problema, estas no eran consideradas.<\/p>\n\n\n\n<p>Esta no es la primera vez que la poblaci\u00f3n de Santa Cruz Amilpas se queda sin agua potable, reconoci\u00f3 el mismo regidor. Sin embargo, es la m\u00e1s grave.<\/p>\n\n\n\n<p>Finalmente, tras las quejas de varios vecinos, el edil respondi\u00f3 que se est\u00e1 trabajando para restablecer el servicio y se comprometi\u00f3 a contratar pipas de agua para entregarlas en los domicilios. Sin embargo, al un\u00edsono, la respuesta de los vecinos fue un rotundo no.<\/p>\n\n\n\n<p>\u00ab\u00a1No, no no!\u00bb \u00ab\u00bfSabe por qu\u00e9 no le creemos? Porque hace 20 d\u00edas dijo lo mismo y no lo hizo\u00bb.<\/p>\n\n\n\n<p>La protesta se mantuvo por m\u00e1s de una hora en el palacio municipal, pero poco despu\u00e9s se recrudeci\u00f3 y se convirti\u00f3 en un bloqueo en la avenida Ferrocarril, que comunica con los municipios de Santa Luc\u00eda del Camino y Oaxaca de Ju\u00e1rez.<\/p>\n\n\n\n<p>Con camiones del transporte urbano y carteles colgados en cuerdas, la poblaci\u00f3n exig\u00eda atenci\u00f3n a su demanda por este servicio b\u00e1sico y derecho humano. Incluso, en algunos casos, se se\u00f1al\u00f3 que el problema en el suministro del agua potable lleva ya 6 meses.<\/p>\n\n\n\n<p>El pasado lunes, fue otro grupo de habitantes (del fraccionamiento Lomas de Santa Cruz) el que protest\u00f3 contra el edil. Aunque recibi\u00f3 promesas de Baruch Castellanos, esos habitantes tambi\u00e9n fueron obligados a permanecer en el palacio de para revisar si estaban al corriente con el pago del agua.<\/p>\n","protected":false},"excerpt":{"rendered":"<p>Lisbeth Mej\u00eda Reyes\/Zona Roja. Oaxaca, Oax., a 5 de diciembre de 2025.- \u201d\u00a1Todos los que&hellip;<\/p>\n","protected":false},"author":2,"featured_media":87688,"comment_status":"closed","ping_status":"open","sticky":false,"template":"","format":"standard","meta":{"_lmt_disableupdate":"","_lmt_disable":"","_jetpack_memberships_contains_paid_content":false,"footnotes":""},"categories":[109,47],"tags":[2731,2046],"class_list":["post-87687","post","type-post","status-publish","format-standard","has-post-thumbnail","hentry","category-minuto-a-minuto","category-zona-gris","tag-christian-baruch-castellanos-rodriguez","tag-santa-cruz-amilpas"],"jetpack_featured_media_url":"https:\/\/zonaroja.com.mx\/wp-content\/uploads\/2025\/12\/Protesta-en-Santa-CRuz-Amilpas-por-agua.jpg","jetpack_sharing_enabled":true,"_links":{"self":[{"href":"https:\/\/zonaroja.com.mx\/index.php?rest_route=\/wp\/v2\/posts\/87687","targetHints":{"allow":["GET"]}}],"collection":[{"href":"https:\/\/zonaroja.com.mx\/index.php?rest_route=\/wp\/v2\/posts"}],"about":[{"href":"https:\/\/zonaroja.com.mx\/index.php?rest_route=\/wp\/v2\/types\/post"}],"author":[{"embeddable":true,"href":"https:\/\/zonaroja.com.mx\/index.php?rest_route=\/wp\/v2\/users\/2"}],"replies":[{"embeddable":true,"href":"https:\/\/zonaroja.com.mx\/index.php?rest_route=%2Fwp%2Fv2%2Fcomments&post=87687"}],"version-history":[{"count":1,"href":"https:\/\/zonaroja.com.mx\/index.php?rest_route=\/wp\/v2\/posts\/87687\/revisions"}],"predecessor-version":[{"id":87689,"href":"https:\/\/zonaroja.com.mx\/index.php?rest_route=\/wp\/v2\/posts\/87687\/revisions\/87689"}],"wp:featuredmedia":[{"embeddable":true,"href":"https:\/\/zonaroja.com.mx\/index.php?rest_route=\/wp\/v2\/media\/87688"}],"wp:attachment":[{"href":"https:\/\/zonaroja.com.mx\/index.php?rest_route=%2Fwp%2Fv2%2Fmedia&parent=87687"}],"wp:term":[{"taxonomy":"category","embeddable":true,"href":"https:\/\/zonaroja.com.mx\/index.php?rest_route=%2Fwp%2Fv2%2Fcategories&post=87687"},{"taxonomy":"post_tag","embeddable":true,"href":"https:\/\/zonaroja.com.mx\/index.php?rest_route=%2Fwp%2Fv2%2Ftags&post=87687"}],"curies":[{"name":"wp","href":"https:\/\/api.w.org\/{rel}","templated":true}]}}