{"id":87690,"date":"2025-12-05T21:14:29","date_gmt":"2025-12-06T03:14:29","guid":{"rendered":"https:\/\/zonaroja.com.mx\/?p=87690"},"modified":"2025-12-05T21:14:30","modified_gmt":"2025-12-06T03:14:30","slug":"mas-escandalos-en-san-antonio-de-la-cal-tribunal-tumba-candidatura-de-porfirio-santos","status":"publish","type":"post","link":"https:\/\/zonaroja.com.mx\/?p=87690","title":{"rendered":"M\u00e1s esc\u00e1ndalos en San Antonio de la Cal; Tribunal tumba candidatura de Porfirio Santos"},"content":{"rendered":"\n<p>Redacci\u00f3n\/Zona Roja.<\/p>\n\n\n\n<p>Oaxaca, Oax., a 5 de diciembre de 2025.- El Tribunal Electoral del Estado de Oaxaca (TEEO) revoc\u00f3 el registro de la candidatura del primer concejal suplente de la planilla negra (Porfirio Santos Mat\u00edas), en el municipio de San Antonio de la Cal, ya que la reelecci\u00f3n y elecci\u00f3n consecutiva, no son figuras reconocidas por su sistema normativo interno.&nbsp;<\/p>\n\n\n\n<p>El Tribunal expuso que a\u00fan cuando el Consejo Municipal Electoral es la m\u00e1xima autoridad durante el proceso y la jornada electiva, no implica que pueda cambiar el m\u00e9todo de elecci\u00f3n o reemplazar acuerdos de la asamblea, sin que estas sean sometidas a consideraci\u00f3n del m\u00e1ximo \u00f3rgano de decisi\u00f3n, que es la comunidad. &nbsp;<\/p>\n\n\n\n<p>Adem\u00e1s, la Sala Regional Xalapa, en el expediente SX-JDC644\/2025 y acumulados, determin\u00f3 revocar las figuras de reelecci\u00f3n y elecci\u00f3n consecutiva en dicho Ayuntamiento, al no ser adoptadas por la propia comunidad mediante asamblea general comunitaria.<\/p>\n\n\n\n<p>A trav\u00e9s de los juicios acumulados identificados con las claves: JNI\/108, JNI\/110, JNI\/113, y el Cuaderno de Antecedentes 176, de este a\u00f1o; el TEEO se\u00f1al\u00f3 que respecto a la temporalidad para que el presidente municipal se separara del cargo, tampoco se encuentra regulado en la convocatoria o en el m\u00e9todo de elecci\u00f3n de San Antonio de la Cal.&nbsp;<\/p>\n\n\n\n<p>En sesi\u00f3n p\u00fablica celebrada este viernes en el sal\u00f3n del Pleno, las magistradas resolvieron: cuatro Juicios Electorales de los Sistemas Normativos Internos (JNI), dos Juicios para la Protecci\u00f3n de los Derechos Pol\u00edtico Electorales de la Ciudadan\u00eda en el R\u00e9gimen de los Sistemas Normativos Internos (JDCI), un Juicio para la Protecci\u00f3n de los Derechos Pol\u00edtico Electorales del Ciudadano (JDC) y dos Cuadernos de Antecedentes (CA).\u00a0<\/p>\n\n\n\n<figure class=\"wp-block-embed is-type-rich is-provider-twitter wp-block-embed-twitter\"><div class=\"wp-block-embed__wrapper\">\n<div class=\"twitter-tweet\"><blockquote class=\"twitter-tweet\" data-lang=\"es\"><p lang=\"es\" dir=\"ltr\"><a href=\"https:\/\/twitter.com\/hashtag\/AlMomento?src=hash&amp;ref_src=twsrc%5Etfw\">#AlMomento<\/a><br>El <a href=\"https:\/\/twitter.com\/TEEOax?ref_src=twsrc%5Etfw\">@TEEOax<\/a> tira la candidatura como suplente a edil del municipio de San Antonio de la Cal de <a href=\"https:\/\/twitter.com\/PorfirioSantosM?ref_src=twsrc%5Etfw\">@porfiriosantosm<\/a>, quien pretend\u00eda reelegirse a trav\u00e9s de su hermano. <br>\u201cEs contraria al sistema establecido\u201d, dio a conocer el \u00f3rgano. <a href=\"https:\/\/t.co\/gZwUv7Lglp\">pic.twitter.com\/gZwUv7Lglp<\/a><\/p>&mdash; Zona Roja Oaxaca (@ZonaRoja_Oaxaca) <a href=\"https:\/\/twitter.com\/ZonaRoja_Oaxaca\/status\/1997105340966396129?ref_src=twsrc%5Etfw\">6 de diciembre de 2025<\/a><\/blockquote><\/div>\n<\/div><\/figure>\n","protected":false},"excerpt":{"rendered":"<p>Redacci\u00f3n\/Zona Roja. Oaxaca, Oax., a 5 de diciembre de 2025.- El Tribunal Electoral del Estado&hellip;<\/p>\n","protected":false},"author":2,"featured_media":87691,"comment_status":"closed","ping_status":"open","sticky":false,"template":"","format":"standard","meta":{"_lmt_disableupdate":"","_lmt_disable":"","_jetpack_memberships_contains_paid_content":false,"footnotes":""},"categories":[109,47],"tags":[3670,875],"class_list":["post-87690","post","type-post","status-publish","format-standard","has-post-thumbnail","hentry","category-minuto-a-minuto","category-zona-gris","tag-porfirio-santos-matias","tag-san-antonio-de-la-cal"],"jetpack_featured_media_url":"https:\/\/zonaroja.com.mx\/wp-content\/uploads\/2025\/12\/Planilla-negra-San-Antonio-de-la-Cal.jpeg","jetpack_sharing_enabled":true,"_links":{"self":[{"href":"https:\/\/zonaroja.com.mx\/index.php?rest_route=\/wp\/v2\/posts\/87690","targetHints":{"allow":["GET"]}}],"collection":[{"href":"https:\/\/zonaroja.com.mx\/index.php?rest_route=\/wp\/v2\/posts"}],"about":[{"href":"https:\/\/zonaroja.com.mx\/index.php?rest_route=\/wp\/v2\/types\/post"}],"author":[{"embeddable":true,"href":"https:\/\/zonaroja.com.mx\/index.php?rest_route=\/wp\/v2\/users\/2"}],"replies":[{"embeddable":true,"href":"https:\/\/zonaroja.com.mx\/index.php?rest_route=%2Fwp%2Fv2%2Fcomments&post=87690"}],"version-history":[{"count":1,"href":"https:\/\/zonaroja.com.mx\/index.php?rest_route=\/wp\/v2\/posts\/87690\/revisions"}],"predecessor-version":[{"id":87692,"href":"https:\/\/zonaroja.com.mx\/index.php?rest_route=\/wp\/v2\/posts\/87690\/revisions\/87692"}],"wp:featuredmedia":[{"embeddable":true,"href":"https:\/\/zonaroja.com.mx\/index.php?rest_route=\/wp\/v2\/media\/87691"}],"wp:attachment":[{"href":"https:\/\/zonaroja.com.mx\/index.php?rest_route=%2Fwp%2Fv2%2Fmedia&parent=87690"}],"wp:term":[{"taxonomy":"category","embeddable":true,"href":"https:\/\/zonaroja.com.mx\/index.php?rest_route=%2Fwp%2Fv2%2Fcategories&post=87690"},{"taxonomy":"post_tag","embeddable":true,"href":"https:\/\/zonaroja.com.mx\/index.php?rest_route=%2Fwp%2Fv2%2Ftags&post=87690"}],"curies":[{"name":"wp","href":"https:\/\/api.w.org\/{rel}","templated":true}]}}