{"id":87693,"date":"2025-12-05T22:00:10","date_gmt":"2025-12-06T04:00:10","guid":{"rendered":"https:\/\/zonaroja.com.mx\/?p=87693"},"modified":"2025-12-05T22:00:12","modified_gmt":"2025-12-06T04:00:12","slug":"en-cateos-en-miahuatlan-fiscalia-detiene-a-cuatro-personas-y-aseguran-drogas","status":"publish","type":"post","link":"https:\/\/zonaroja.com.mx\/?p=87693","title":{"rendered":"En cateos en Miahuatl\u00e1n, Fiscal\u00eda detiene a cuatro personas y aseguran drogas"},"content":{"rendered":"\n<p>Redacci\u00f3n\/Zona Roja.<\/p>\n\n\n\n<p>Oaxaca, Oax., a 5 de diciembre de 2025.- La Fiscal\u00eda General del Estado de Oaxaca (FGEO) ejecut\u00f3 una orden de cateo en la regi\u00f3n de la Sierra Sur, logrando la detenci\u00f3n de cuatro personas -tres hombres y una mujer-, as\u00ed como el aseguramiento de drogas y diversos objetos constitutivos del delito.<\/p>\n\n\n\n<p>Este operativo judicial se efectu\u00f3 en un inmueble ubicado en la calle Segunda de Carmela, Barrio Arriba, en Miahuatl\u00e1n de Porfirio D\u00edaz, a trav\u00e9s de la Vicefiscal\u00eda de Valles Centrales y elementos de la Agencia Estatal de Investigaciones (AEI), la cual deriva de indagatorias relacionadas con los delitos de robo espec\u00edfico y contra la salud.<\/p>\n\n\n\n<p>Como resultado del despliegue, los elementos policiales aseguraron diversas dosis de cristal y marihuana, as\u00ed como cartuchos \u00fatiles, una motocicleta desmantelada y piezas de identificaci\u00f3n vehicular de motocicletas (placas VIN), adem\u00e1s de la detenci\u00f3n de cuatro personas identificadas como M.M.C., A.R.R., I.I.R.O. y E.M.G.<\/p>\n\n\n\n<p>Las personas detenidas y los objetos asegurados fueron puestas a disposici\u00f3n de la autoridad correspondiente para que se determine su situaci\u00f3n jur\u00eddica.<\/p>\n\n\n\n<p>La Fiscal\u00eda de Oaxaca destac\u00f3 que estas acciones forman parte de las labores de inteligencia que fortalecen la estrategia estatal de seguridad p\u00fablica y procuraci\u00f3n de justicia en beneficio de las y los oaxaque\u00f1os.<\/p>\n","protected":false},"excerpt":{"rendered":"<p>Redacci\u00f3n\/Zona Roja. Oaxaca, Oax., a 5 de diciembre de 2025.- La Fiscal\u00eda General del Estado&hellip;<\/p>\n","protected":false},"author":2,"featured_media":87694,"comment_status":"closed","ping_status":"open","sticky":false,"template":"","format":"standard","meta":{"_lmt_disableupdate":"","_lmt_disable":"","_jetpack_memberships_contains_paid_content":false,"footnotes":""},"categories":[109,46],"tags":[494],"class_list":["post-87693","post","type-post","status-publish","format-standard","has-post-thumbnail","hentry","category-minuto-a-minuto","category-zona-blanca","tag-fiscalia-general-del-estado-de-oaxaca"],"jetpack_featured_media_url":"https:\/\/zonaroja.com.mx\/wp-content\/uploads\/2025\/12\/Cateos-Fiscalia-Miahuatlan-.jpeg","jetpack_sharing_enabled":true,"_links":{"self":[{"href":"https:\/\/zonaroja.com.mx\/index.php?rest_route=\/wp\/v2\/posts\/87693","targetHints":{"allow":["GET"]}}],"collection":[{"href":"https:\/\/zonaroja.com.mx\/index.php?rest_route=\/wp\/v2\/posts"}],"about":[{"href":"https:\/\/zonaroja.com.mx\/index.php?rest_route=\/wp\/v2\/types\/post"}],"author":[{"embeddable":true,"href":"https:\/\/zonaroja.com.mx\/index.php?rest_route=\/wp\/v2\/users\/2"}],"replies":[{"embeddable":true,"href":"https:\/\/zonaroja.com.mx\/index.php?rest_route=%2Fwp%2Fv2%2Fcomments&post=87693"}],"version-history":[{"count":1,"href":"https:\/\/zonaroja.com.mx\/index.php?rest_route=\/wp\/v2\/posts\/87693\/revisions"}],"predecessor-version":[{"id":87695,"href":"https:\/\/zonaroja.com.mx\/index.php?rest_route=\/wp\/v2\/posts\/87693\/revisions\/87695"}],"wp:featuredmedia":[{"embeddable":true,"href":"https:\/\/zonaroja.com.mx\/index.php?rest_route=\/wp\/v2\/media\/87694"}],"wp:attachment":[{"href":"https:\/\/zonaroja.com.mx\/index.php?rest_route=%2Fwp%2Fv2%2Fmedia&parent=87693"}],"wp:term":[{"taxonomy":"category","embeddable":true,"href":"https:\/\/zonaroja.com.mx\/index.php?rest_route=%2Fwp%2Fv2%2Fcategories&post=87693"},{"taxonomy":"post_tag","embeddable":true,"href":"https:\/\/zonaroja.com.mx\/index.php?rest_route=%2Fwp%2Fv2%2Ftags&post=87693"}],"curies":[{"name":"wp","href":"https:\/\/api.w.org\/{rel}","templated":true}]}}